{"id":8688,"date":"2021-03-01T11:01:00","date_gmt":"2021-03-01T10:01:00","guid":{"rendered":"https:\/\/kastela.hr\/en\/2021\/03\/01\/izvjesce-o-provedenom-savjetovanju-za-plan-upravljanja-pomorskim-dobrom-na-podrucju-grada-kastela-za-2021-godinu\/"},"modified":"2021-03-01T11:01:00","modified_gmt":"2021-03-01T10:01:00","slug":"izvjesce-o-provedenom-savjetovanju-za-plan-upravljanja-pomorskim-dobrom-na-podrucju-grada-kastela-za-2021-godinu","status":"publish","type":"post","link":"https:\/\/kastela.hr\/en\/2021\/03\/01\/izvjesce-o-provedenom-savjetovanju-za-plan-upravljanja-pomorskim-dobrom-na-podrucju-grada-kastela-za-2021-godinu\/","title":{"rendered":"Izvje\u0161\u0107e o provedenom savjetovanju za Plan upravljanja pomorskim dobrom na podru\u010dju Grada Ka\u0161tela za 2021. godinu."},"content":{"rendered":"","protected":false},"excerpt":{"rendered":"","protected":false},"author":7,"featured_media":0,"comment_status":"closed","ping_status":"open","sticky":false,"template":"","format":"standard","meta":{"_acf_changed":false,"footnotes":""},"categories":[1,72],"tags":[],"class_list":["post-8688","post","type-post","status-publish","format-standard","hentry","category-novosti","category-zatvorena-savjetovanja"],"acf":[],"_links":{"self":[{"href":"https:\/\/kastela.hr\/en\/wp-json\/wp\/v2\/posts\/8688","targetHints":{"allow":["GET"]}}],"collection":[{"href":"https:\/\/kastela.hr\/en\/wp-json\/wp\/v2\/posts"}],"about":[{"href":"https:\/\/kastela.hr\/en\/wp-json\/wp\/v2\/types\/post"}],"author":[{"embeddable":true,"href":"https:\/\/kastela.hr\/en\/wp-json\/wp\/v2\/users\/7"}],"replies":[{"embeddable":true,"href":"https:\/\/kastela.hr\/en\/wp-json\/wp\/v2\/comments?post=8688"}],"version-history":[{"count":0,"href":"https:\/\/kastela.hr\/en\/wp-json\/wp\/v2\/posts\/8688\/revisions"}],"wp:attachment":[{"href":"https:\/\/kastela.hr\/en\/wp-json\/wp\/v2\/media?parent=8688"}],"wp:term":[{"taxonomy":"category","embeddable":true,"href":"https:\/\/kastela.hr\/en\/wp-json\/wp\/v2\/categories?post=8688"},{"taxonomy":"post_tag","embeddable":true,"href":"https:\/\/kastela.hr\/en\/wp-json\/wp\/v2\/tags?post=8688"}],"curies":[{"name":"wp","href":"https:\/\/api.w.org\/{rel}","templated":true}]}}