{"id":8615,"date":"2021-04-29T04:18:00","date_gmt":"2021-04-29T02:18:00","guid":{"rendered":"https:\/\/kastela.hr\/en\/2021\/04\/29\/plan-upravljanja-obalnim-podrucjem-grada-kastela\/"},"modified":"2024-08-29T11:02:40","modified_gmt":"2024-08-29T09:02:40","slug":"plan-upravljanja-obalnim-podrucjem-grada-kastela","status":"publish","type":"post","link":"https:\/\/kastela.hr\/en\/2021\/04\/29\/plan-upravljanja-obalnim-podrucjem-grada-kastela\/","title":{"rendered":"Plan upravljanja obalnim podru\u010djem Grada Ka\u0161tela"},"content":{"rendered":"<p>Plan upravljanja Obalnim podru\u010djem Grada Ka\u0161tela (dalje u tekstu Obalni plan) rezultat je vi\u0161e aktivnosti u sklopu projekta ugovorenog izme\u0111u naru\u010ditelja Javne ustanove RERA S.D. za koordinaciju i razvoj Splitsko-dalmatinske \u017eupanije i izvo\u0111a\u010da Fakulteta gra\u0111evinarstva, arhitekture i geodezije Sveu\u010dili\u0161ta u Splitu.<\/p>\n<p>Projektni zadatak predstavlja pilot aktivnost Interreg Med projekta CO-EVOLVE&nbsp;i definira izradu akcijskog plana zasnovanog na integralnom upravljanju obalnim podru\u010djem i prostornom planiranju morskog podru\u010dja (IUOP\/PPMP). Cilj Obalnog plana je odr\u017eiv razvoj obalnog podru\u010dja zasnovanog na turizmu s te\u017ei\u0161tem na mjerama za\u0161tite morske obale koja je posebno ugro\u017eena klimatskim promjenama. Aktivnosti na izradi zapo\u010dele su u kolovozu 2018.godine, a u svibnju 2019. javno je predstavljan &nbsp;nacrt Obalnog plana.<\/p>\n<p>Obalni plan naslanja se na mnogobrojne strate\u0161ke i planske dokumente, crpi informacije iz postoje\u0107ih studija i ekspertnog znanja uklju\u010denih stru\u010dnjaka i dionika, te daje novi pogled na prostor kroz prizmu klimatskih promjena.&nbsp; Za ostvarenje \u017eeljenog razvoja prostora, ovaj plan daje prijedloge na razini strate\u0161kog planiranja te dalje razra\u0111uje operativne aktivnosti i mjere za upravljanje obalnim podru\u010djem. Kao strate\u0161ki dokument, Obalni plan predstvlja podlogu razli\u010ditim planskim i upravlja\u010dkim dokumentima.<\/p>\n<p>Tekst Plana&nbsp;upravljanja obalnim podru\u010djem Grada Ka\u0161tela nalazi se ispod ovog teksta&nbsp;<\/p>\n","protected":false},"excerpt":{"rendered":"<p>Plan upravljanja Obalnim podru\u010djem Grada Ka\u0161tela (dalje u tekstu Obalni plan) rezultat je vi\u0161e aktivnosti u sklopu projekta ugovorenog izme\u0111u [&hellip;]<\/p>\n","protected":false},"author":7,"featured_media":8616,"comment_status":"closed","ping_status":"open","sticky":false,"template":"","format":"standard","meta":{"_acf_changed":false,"footnotes":""},"categories":[1,71],"tags":[],"class_list":["post-8615","post","type-post","status-publish","format-standard","has-post-thumbnail","hentry","category-novosti","category-razvojni-projekti"],"acf":[],"_links":{"self":[{"href":"https:\/\/kastela.hr\/en\/wp-json\/wp\/v2\/posts\/8615","targetHints":{"allow":["GET"]}}],"collection":[{"href":"https:\/\/kastela.hr\/en\/wp-json\/wp\/v2\/posts"}],"about":[{"href":"https:\/\/kastela.hr\/en\/wp-json\/wp\/v2\/types\/post"}],"author":[{"embeddable":true,"href":"https:\/\/kastela.hr\/en\/wp-json\/wp\/v2\/users\/7"}],"replies":[{"embeddable":true,"href":"https:\/\/kastela.hr\/en\/wp-json\/wp\/v2\/comments?post=8615"}],"version-history":[{"count":1,"href":"https:\/\/kastela.hr\/en\/wp-json\/wp\/v2\/posts\/8615\/revisions"}],"predecessor-version":[{"id":8625,"href":"https:\/\/kastela.hr\/en\/wp-json\/wp\/v2\/posts\/8615\/revisions\/8625"}],"wp:featuredmedia":[{"embeddable":true,"href":"https:\/\/kastela.hr\/en\/wp-json\/wp\/v2\/media\/8616"}],"wp:attachment":[{"href":"https:\/\/kastela.hr\/en\/wp-json\/wp\/v2\/media?parent=8615"}],"wp:term":[{"taxonomy":"category","embeddable":true,"href":"https:\/\/kastela.hr\/en\/wp-json\/wp\/v2\/categories?post=8615"},{"taxonomy":"post_tag","embeddable":true,"href":"https:\/\/kastela.hr\/en\/wp-json\/wp\/v2\/tags?post=8615"}],"curies":[{"name":"wp","href":"https:\/\/api.w.org\/{rel}","templated":true}]}}