{"id":6386,"date":"2014-11-23T15:54:51","date_gmt":"2014-11-23T14:54:51","guid":{"rendered":"https:\/\/kastela.hr\/en\/2014\/11\/23\/odrzana-2-tematska-sjednica-gv\/"},"modified":"2024-08-29T10:48:25","modified_gmt":"2024-08-29T08:48:25","slug":"odrzana-2-tematska-sjednica-gv","status":"publish","type":"post","link":"https:\/\/kastela.hr\/en\/2014\/11\/23\/odrzana-2-tematska-sjednica-gv\/","title":{"rendered":"Odr\u017eana 2. tematska sjednica GV"},"content":{"rendered":"<p><a href=\"https:\/\/kastela.hr\/en\/wp-content\/uploads\/2024\/08\/GRB-GRADA-KASTELA1-6.jpg\"><img loading=\"lazy\" decoding=\"async\" class=\"alignleft size-full wp-image-20606\" alt=\"GRB GRADA KASTELA\" src=\"https:\/\/kastela.hr\/en\/wp-content\/uploads\/2024\/08\/GRB-GRADA-KASTELA1-6.jpg\" width=\"93\" height=\"100\" \/><\/a>Druga tematska sjednica Gradskog vije\u0107a odr\u017eala se 21. studenog 2014.g. a tema sjednice je bila privo\u0111enje cjelovite lokacije biv\u0161e tvornice \u201eJugovinil\u201c prihvatljivoj gospodarskoj namjeni na dobrobit gra\u0111ana Grada Ka\u0161tela.<\/p>\n<p>Izvje\u0161\u0107e Povjerenstva za pra\u0107enje stanja okoli\u0161a u Ka\u0161telima o aktivnostima povjerenstva od dana osnutka iznijela je Ivana Raj\u010di\u0107, a prezentaciju programa sanacije lokacije biv\u0161e tvornice \u201eJugovinil\u201c iznio je stru\u010dni suradnik Instituta za medicinska istra\u017eivanja u Zagrebu, Ivica Prli\u0107.<\/p>\n<p>Prema rije\u010dima Ivice Prli\u0107a, Institut za medicinska istra\u017eivanja sudjeluje u istra\u017eivanjima na podru\u010dju Ka\u0161tela jo\u0161 od po\u010detka 70-tih godina. Bitna stavka koja se naglasila je da treba ukloniti ve\u0107 ustaljeno mi\u0161ljenje o opasnoj radioaktivnosti na podru\u010dju biv\u0161e tvornice Jugovinil. Na sjednici su se iznijeli detaljni podaci i rezultati kojim se ustvrdilo da na tom podru\u010dju nije prona\u0111en nijedan umjetni radioaktivni izvor, odlo\u017een ili zakopan u zemlju. Spomenuta je i Zona A &#8211; na podru\u010dju Ka\u0161tel Gomilice, gdje se nalazilo oko 38 tisu\u0107a kubika materijala, a prema svim mjerama uspje\u0161no je sanirano jo\u0161 1973. godine. Druga zona, Zona B koja se nalazi u Ka\u0161tel Su\u0107urcu, sadr\u017eava oko 180 tisu\u0107a kubi\u010dnih metara odlo\u017eene \u0161ljake i pepela, \u0161to jo\u0161 o\u010dekuje svoju sanaciju. Sanacija potrebna zbog nagomilavanja materijala koji mo\u017ee stvoriti odre\u0111ene probleme je klju\u010dan segment o kojem bi trebalo povesti ra\u010duna istakno je stru\u010dni suradnik Instituta, Ivica Prli\u0107.<\/p>\n<p>Iznesen je i podatak o stupanju na snagu dr\u017eavne Strategije zbrinjavanja radioaktivnog otpada, iskoristivih izvora i istro\u0161enog nuklearnog goriva koja sadr\u017eava i poglavlje o prirodno radioaktivnim materijalima, a u njoj je navedeno i podru\u010dje u Ka\u0161telima. Kroz prezentaciju tvrdnje su i potvr\u0111ene kroz razne dokumente, fotografije i dijelovima iz prilo\u017eenog filma sa istra\u017enim radnjama na spomenute dvije lokacije.<\/p>\n<p>Detaljnije o tematskoj sjednici i vije\u0107ni\u010dkim pitanjima i komentarima mo\u017eete pogledati na prilo\u017eenim video snimkama.<\/p>\n<p>[vimeo]http:\/\/vimeo.com\/112523411[\/vimeo]<\/p>\n<p><a tabindex=\"1\" href=\"http:\/\/vimeo.com\/112564568\" target=\"_blank\" rel=\"noopener\">\u00a0<\/a><\/p>\n<p>http:\/\/vimeo.com\/112564568<\/p>\n<p>\u00a0<\/p>\n","protected":false},"excerpt":{"rendered":"<p>Druga tematska sjednica Gradskog vije\u0107a odr\u017eala se 21. studenog 2014.g. a tema sjednice je bila privo\u0111enje cjelovite lokacije biv\u0161e tvornice [&hellip;]<\/p>\n","protected":false},"author":7,"featured_media":6243,"comment_status":"closed","ping_status":"open","sticky":false,"template":"","format":"standard","meta":{"_acf_changed":false,"footnotes":""},"categories":[1],"tags":[],"class_list":["post-6386","post","type-post","status-publish","format-standard","has-post-thumbnail","hentry","category-novosti"],"acf":[],"_links":{"self":[{"href":"https:\/\/kastela.hr\/en\/wp-json\/wp\/v2\/posts\/6386","targetHints":{"allow":["GET"]}}],"collection":[{"href":"https:\/\/kastela.hr\/en\/wp-json\/wp\/v2\/posts"}],"about":[{"href":"https:\/\/kastela.hr\/en\/wp-json\/wp\/v2\/types\/post"}],"author":[{"embeddable":true,"href":"https:\/\/kastela.hr\/en\/wp-json\/wp\/v2\/users\/7"}],"replies":[{"embeddable":true,"href":"https:\/\/kastela.hr\/en\/wp-json\/wp\/v2\/comments?post=6386"}],"version-history":[{"count":3,"href":"https:\/\/kastela.hr\/en\/wp-json\/wp\/v2\/posts\/6386\/revisions"}],"predecessor-version":[{"id":8504,"href":"https:\/\/kastela.hr\/en\/wp-json\/wp\/v2\/posts\/6386\/revisions\/8504"}],"wp:featuredmedia":[{"embeddable":true,"href":"https:\/\/kastela.hr\/en\/wp-json\/wp\/v2\/media\/6243"}],"wp:attachment":[{"href":"https:\/\/kastela.hr\/en\/wp-json\/wp\/v2\/media?parent=6386"}],"wp:term":[{"taxonomy":"category","embeddable":true,"href":"https:\/\/kastela.hr\/en\/wp-json\/wp\/v2\/categories?post=6386"},{"taxonomy":"post_tag","embeddable":true,"href":"https:\/\/kastela.hr\/en\/wp-json\/wp\/v2\/tags?post=6386"}],"curies":[{"name":"wp","href":"https:\/\/api.w.org\/{rel}","templated":true}]}}