{"id":6384,"date":"2014-12-04T06:55:58","date_gmt":"2014-12-04T05:55:58","guid":{"rendered":"https:\/\/kastela.hr\/en\/2014\/12\/04\/sazvana-12-sjednica-gradskog-vijeca-4\/"},"modified":"2024-08-29T10:48:25","modified_gmt":"2024-08-29T08:48:25","slug":"sazvana-12-sjednica-gradskog-vijeca-4","status":"publish","type":"post","link":"https:\/\/kastela.hr\/en\/2014\/12\/04\/sazvana-12-sjednica-gradskog-vijeca-4\/","title":{"rendered":"Sazvana 12. sjednica Gradskog vije\u0107a"},"content":{"rendered":"<p><a href=\"https:\/\/kastela.hr\/en\/wp-content\/uploads\/2024\/08\/GRB-GRADA-KASTELA1-6.jpg\"><img loading=\"lazy\" decoding=\"async\" class=\"alignleft size-full wp-image-20606\" alt=\"GRB GRADA KASTELA\" src=\"https:\/\/kastela.hr\/en\/wp-content\/uploads\/2024\/08\/GRB-GRADA-KASTELA1-6.jpg\" width=\"93\" height=\"100\" \/><\/a>Nova sjednica Gradskog vije\u0107a, 12. po redu, odr\u017eati \u0107e se 8. prosinca (ponedjeljak) u 11:00 sati u Gradskoj vije\u0107nici. Na dnevnom redu je 30 to\u010daka.<br \/>\nNa ovoj sjednici me\u0111u ostalim to\u010dkama iznijeti \u0107e se informacije o sigurnosnim uvjetima na podru\u010dju Ka\u0161tela. Raspravljati \u0107e se o prijedlozima programa javnih potreba u tehni\u010dkoj kulturi, pred\u0161kolskom odgoju, kulturi i sportu, ali i o usvajanju prijedloga prora\u010duna za 2015. g.. Donijeti \u0107e se programi gradnje i odr\u017eavanja komunalne infrastrukture, kao i odluke o jednokratnoj nov\u010danoj pomo\u0107i za roditelje poginulih branitelja Domovinskog rata i umirovljenike povodom Bo\u017ei\u0107a. Izmjene i dopune Plana gospodarenja otpadom u Ka\u0161telima su tako\u0111er na dnevnom redu, a na sjednici \u0107e biti izabrani i \u010dlanovi savjeta mladih i njihovih zamjenika.<\/p>\n<p>\u00a0<\/p>\n<p><strong>Dnevni red<\/strong><b>\u00a0<\/b><\/p>\n<p>1. Usvajanje Zapisnika sa 11. sjednice Gradskog vije\u0107a<br \/>\n2.\u00a0<a href=\"http:\/\/www.kastela.hr\/wp-content\/uploads\/2014\/12\/Informacija-o-sigurnosnim-uvjetima-na-podru\u010dju-Grada-Ka\u0161tela-za-2013.-i-prvih-6.-mjeseci-2014.-g..pdf\">Informacija o sigurnosnim uvjetima na podru\u010dju Grada Ka\u0161tela za 2013. i prvih \u0161est mjeseci 2014. g.<\/a><br \/>\nIzvjestitelj: Marino Dra\u017ein, na\u010delnik Policijske postaje Ka\u0161tela<br \/>\n3. Vije\u0107ni\u010dka pitanja i prijedlozi<br \/>\n4. <a href=\"http:\/\/www.kastela.hr\/wp-content\/uploads\/2014\/12\/Sjednica-12.-tocka-456.pdf\">Prijedlog odluke o promjeni sjedi\u0161ta Javne ustanove \u0160portski objekti<\/a><br \/>\n5. <a href=\"http:\/\/www.kastela.hr\/wp-content\/uploads\/2014\/12\/Sjednica-12.-tocka-456.pdf\">Prijedlog odluke o izmjeni odluke o osnivanju Javne ustanove \u0160portski objekti Ka\u0161tela<\/a><br \/>\n6. <a href=\"http:\/\/www.kastela.hr\/wp-content\/uploads\/2014\/12\/Sjednica-12.-tocka-456.pdf\">Prijedlog zaklju\u010dka o davanju suglasnosti na prijedlog izmjena Statuta\u00a0 Javne ustanove \u0160portski\u00a0objekti<\/a><br \/>\nIzvjestitelj t. 4. &#8211; t. 6. Ante \u0160i\u0161kov, ravnatelj JU \u0160portski objekti Ka\u0161tela<br \/>\n7. <a href=\"http:\/\/www.kastela.hr\/wp-content\/uploads\/2014\/12\/Sjednica-12.-tocka-7..pdf\">Izvje\u0161\u0107e o provjeri formalnih\u00a0 uvjeta\u00a0 za izbor \u010dlanova Savjeta mladih Grada Ka\u0161tela i njihovih zamjenika<\/a><br \/>\nIzvjestitelj: Mario Duvnjak, predsjednik odbora za izbor i imenovanja<br \/>\n8. Izbor \u010dlanova Savjeta mladih Grada Ka\u0161tela i njihovih zamjenika<br \/>\n9. <a href=\"http:\/\/www.kastela.hr\/wp-content\/uploads\/2014\/12\/2014.pdf\">Prijedlog drugih izmjena i dopuna Prora\u010duna za 2014. godinu<\/a><br \/>\nIzvjestiteljica: Matija Marija \u0110iki\u0107, pro\u010delnica Upravnog odjela za prora\u010dun, financije i javnu nabavu<br \/>\n10. <a href=\"http:\/\/www.kastela.hr\/wp-content\/uploads\/2014\/12\/Prijedlog-izmjena-i-dopuna.pdf\">Prijedlog\u00a0izmjena i dopuna programa gradnje objekata i ure\u0111aja komunalne infrastrukture u Gradu\u00a0Ka\u0161tela za 2014. g.<\/a><br \/>\n11. <a href=\"http:\/\/www.kastela.hr\/wp-content\/uploads\/2014\/12\/Sjednica-12.-tocka-11..pdf\">Prijedlog izmjena i dopuna odr\u017eavanja komunalne infrastrukture u\u00a0 Gradu Ka\u0161tela za\u00a0 2014. godinu<\/a><br \/>\nIzvjestitelj t. 10. i t. 11.: Antonio Bartulovi\u0107, privremeni pro\u010delnik Upravnog odjela za komunalno\u00a0gospodarstvo i imovinsko -pravne poslove<br \/>\n12. <a href=\"http:\/\/www.kastela.hr\/wp-content\/uploads\/2014\/12\/Sjednica-12.-tocka-12.pdf\">Prijedlog programa javnih potreba u socijalnoj skrbi i zdravstvenoj za\u0161titi\u00a0 Grada Ka\u0161tela za 2015.godinu<\/a><br \/>\n13.\u00a0<a href=\"http:\/\/www.kastela.hr\/wp-content\/uploads\/2014\/12\/Prijedlog-programa-javnih-potreba-u-tehnickoj-kulturi-Grada-Kastela-za-2015.g..pdf\">Prijedlog programa javnih potreba u tehni\u010dkoj kulturi Grada Ka\u0161tela za 2015.g.<\/a><br \/>\n14. <a href=\"http:\/\/www.kastela.hr\/wp-content\/uploads\/2014\/12\/12.-sjednica-14.pdf\">Prijedlog\u00a0 programa javnih potreba u pred\u0161kolskom odgoju Grada Ka\u0161tela za\u00a0 2015. godinu<\/a><br \/>\n15. <a href=\"http:\/\/www.kastela.hr\/wp-content\/uploads\/2014\/12\/sjednica-12-tocka-15.pdf\">Prijedlog programa javnih potreba u kulturi Grada Ka\u0161tela za 2015. godinu<\/a><br \/>\n16. <a href=\"http:\/\/www.kastela.hr\/wp-content\/uploads\/2014\/12\/12.-sjednica-16-tocka.pdf\">Prijedlog programa javnih potreba u sportu Grada Ka\u0161tela za 2015. godinu<\/a><br \/>\n17. Prijedlog programa financiranja javnih potreba udruga gra\u0111ana Grada Ka\u0161tela za 2015. godinu<br \/>\nIzvjestiteljica t.12. &#8211; t.17.: Sandra Zoki\u0107, pro\u010delnica Upravnog odjela za dru\u0161tvene djelatnosti i op\u0107e\u00a0poslove<br \/>\n18. <a href=\"http:\/\/www.kastela.hr\/wp-content\/uploads\/2014\/12\/Sjednica-12.-tocka-18..pdf\">Prijedlog programa gradnje objekata i ure\u0111aja komunalne infrastrukture u Gradu Ka\u0161tela za 2015.\u00a0godinu<\/a><br \/>\n19. <a href=\"http:\/\/www.kastela.hr\/wp-content\/uploads\/2014\/12\/Sjednica-12.-tocka-19..pdf\">Prijedlog programa odr\u017eavanja komunalne infrastrukture u Gradu Ka\u0161tela za\u00a0 2015. godinu<\/a><br \/>\nIzvjestitelj t. 18. i t. 19.: Antonio Bartulovi\u0107, privremeni pro\u010delnik Upravnog odjela za komunalno\u00a0gospodarstvo i imovinsko -pravne poslove<br \/>\n20. <a href=\"http:\/\/www.kastela.hr\/wp-content\/uploads\/2014\/12\/sjednica-12.-tocka-20..pdf\">Prijedlog odluke o raspore\u0111ivanju sredstava za financiranje politi\u010dkih stranaka i \u010dlanova izabranih s liste\u00a0grupe bira\u010da za 2015. godinu.<\/a><br \/>\nIzvjestiteljica: Sanda Jakus, pro\u010delnica Upravnog odjela za poslove gradona\u010delnika i Gradskog vije\u0107a<br \/>\n21. <a href=\"http:\/\/www.kastela.hr\/wp-content\/uploads\/2014\/12\/proracun_2015.pdf\">Prijedlog Prora\u010duna Grada Ka\u0161tela za 2015. g.\u00a0 i projekcije za 2016. i 2017.<\/a><br \/>\n22. <a href=\"http:\/\/www.kastela.hr\/wp-content\/uploads\/2014\/12\/sjednica-12-22-tocka.pdf\">Prijedlog odluke o izvr\u0161avanju Prora\u010duna Grada Ka\u0161tela za 2015. godinu<\/a>\u00a0\u00a0 \u00a0 \u00a0 Izvjestiteljica t. 21. i t. 22.: Matija Marija \u0110iki\u0107, pro\u010delnica Upravnog odjela za prora\u010dun, financije i\u00a0javnu\u00a0 nabavu<br \/>\n23.\u00a0<a href=\"http:\/\/www.kastela.hr\/wp-content\/uploads\/2014\/12\/Prijedlog-odluke-o-izmjenama-i-dopunama-Odluke-o-obavljanju-komunalnih-djelatnosti-na-temelju-pisanog-ugovora.pdf\">Prijedlog odluke o izmjenama i dopunama Odluke o obavljanju komunalnih djelatnosti na temelju pisanog ugovora<\/a><br \/>\nIzvjestitelj: Ivan \u010cagalj, upravitelj Vlastitog pogona<br \/>\n24.\u00a0<a href=\"http:\/\/www.kastela.hr\/wp-content\/uploads\/2014\/12\/prijedlog-odluke-o-povjeravanju-komunalnih-djelatnosti-iz-djelokruga-poslova-Vlastitog-pogona-Grada-Ka\u0161tela-za-koje-isti-nemaju-potrebnu-opremu.pdf\">Prijedlog odluke o povjeravanju komunalnih djelatnosti iz djelokruga poslova Vlastitog pogona Grada Ka\u0161tela za koje isti nemaju potrebnu opremu<\/a><br \/>\nIzvjestitelj: Mili Novak, predsjednik Povjerenstva za provedbu javnog natje\u010daja za povjeravanje\u00a0komunalnih djelatnosti iz djelokruga poslova Vlastitog pogona Grada Ka\u0161tela za koje isti nema potrebnu\u00a0opremu<br \/>\n25. <a href=\"http:\/\/www.kastela.hr\/wp-content\/uploads\/2014\/12\/Sjednica-12.-tocka-25..pdf\">Prijedlog zaklju\u010dka o davanju suglasnosti za sklapanje Ugovora o izgradnji komunalne infrastrukture i\u00a0prihva\u0107anju teksta ugovora<\/a><br \/>\nIzvjestitelj : Antonio Bartulovi\u0107, privremeni pro\u010delnik Upravnog odjela za komunalno \u00a0gospodarstvo i\u00a0imovinsko -pravne poslove<br \/>\n26. <a href=\"http:\/\/www.kastela.hr\/wp-content\/uploads\/2014\/12\/sjednica-12-26-tocka.pdf\">Prijedlog odluke o izmjenama i dopunama Odluke o osnivanju Kulturnog vije\u0107a Grada Ka\u0161tela<\/a><br \/>\n27. <a href=\"http:\/\/www.kastela.hr\/wp-content\/uploads\/2014\/12\/sjednica-12-27-tocka.pdf\">Prijedlog odluke o jednokratnoj nov\u010danoj pomo\u0107i za roditelje poginulih branitelja Domovinskog rata\u00a0povodom Bo\u017ei\u0107a<\/a><br \/>\n28. <a href=\"http:\/\/www.kastela.hr\/wp-content\/uploads\/2014\/12\/sjednica-12-28-tocka.pdf\">Prijedlog odluke o jednokratnoj nov\u010danoj pomo\u0107i za umirovljenike povodom Bo\u017ei\u0107a<\/a><br \/>\nIzvjestiteljica t. 26. &#8211; t. 28.: Sandra Zoki\u0107, pro\u010delnica Upravnog odjela za dru\u0161tvene djelatnosti i op\u0107e\u00a0poslove<br \/>\n29. <a href=\"http:\/\/www.kastela.hr\/wp-content\/uploads\/2014\/12\/sjednica-12-29.pdf\">Prijedlog izmjena i dopuna Plana gospodarenja otpadom Grada Ka\u0161tela<\/a><br \/>\nIzvjestitelj: Antonio Bartulovi\u0107, privremeni pro\u010delnik Upravnog odjela za komunalno gospodarstvo i\u00a0imovinsko -pravne poslove<br \/>\n30. Prijedlog sporazuma o zaklju\u010denju nagodbe s Institutom za jadranske kulture<br \/>\nIzvjestitelj: Jak\u0161a Sokol, vi\u0161i savjetnik za pravne poslove<\/p>\n<p>\u00a0<\/p>\n","protected":false},"excerpt":{"rendered":"<p>Nova sjednica Gradskog vije\u0107a, 12. po redu, odr\u017eati \u0107e se 8. prosinca (ponedjeljak) u 11:00 sati u Gradskoj vije\u0107nici. Na [&hellip;]<\/p>\n","protected":false},"author":7,"featured_media":6243,"comment_status":"closed","ping_status":"open","sticky":false,"template":"","format":"standard","meta":{"_acf_changed":false,"footnotes":""},"categories":[1],"tags":[],"class_list":["post-6384","post","type-post","status-publish","format-standard","has-post-thumbnail","hentry","category-novosti"],"acf":[],"_links":{"self":[{"href":"https:\/\/kastela.hr\/en\/wp-json\/wp\/v2\/posts\/6384","targetHints":{"allow":["GET"]}}],"collection":[{"href":"https:\/\/kastela.hr\/en\/wp-json\/wp\/v2\/posts"}],"about":[{"href":"https:\/\/kastela.hr\/en\/wp-json\/wp\/v2\/types\/post"}],"author":[{"embeddable":true,"href":"https:\/\/kastela.hr\/en\/wp-json\/wp\/v2\/users\/7"}],"replies":[{"embeddable":true,"href":"https:\/\/kastela.hr\/en\/wp-json\/wp\/v2\/comments?post=6384"}],"version-history":[{"count":3,"href":"https:\/\/kastela.hr\/en\/wp-json\/wp\/v2\/posts\/6384\/revisions"}],"predecessor-version":[{"id":8502,"href":"https:\/\/kastela.hr\/en\/wp-json\/wp\/v2\/posts\/6384\/revisions\/8502"}],"wp:featuredmedia":[{"embeddable":true,"href":"https:\/\/kastela.hr\/en\/wp-json\/wp\/v2\/media\/6243"}],"wp:attachment":[{"href":"https:\/\/kastela.hr\/en\/wp-json\/wp\/v2\/media?parent=6384"}],"wp:term":[{"taxonomy":"category","embeddable":true,"href":"https:\/\/kastela.hr\/en\/wp-json\/wp\/v2\/categories?post=6384"},{"taxonomy":"post_tag","embeddable":true,"href":"https:\/\/kastela.hr\/en\/wp-json\/wp\/v2\/tags?post=6384"}],"curies":[{"name":"wp","href":"https:\/\/api.w.org\/{rel}","templated":true}]}}