{"id":6382,"date":"2014-12-05T12:07:45","date_gmt":"2014-12-05T11:07:45","guid":{"rendered":"https:\/\/kastela.hr\/en\/2014\/12\/05\/kronika-grada-kastela-16\/"},"modified":"2024-08-29T10:48:24","modified_gmt":"2024-08-29T08:48:24","slug":"kronika-grada-kastela-16","status":"publish","type":"post","link":"https:\/\/kastela.hr\/en\/2014\/12\/05\/kronika-grada-kastela-16\/","title":{"rendered":"Kronika Grada Ka\u0161tela"},"content":{"rendered":"<p><a href=\"http:\/\/www.kastela.hr\/wp-content\/uploads\/2014\/11\/ru\u0161inac.jpg\"><img loading=\"lazy\" decoding=\"async\" class=\"alignleft size-thumbnail wp-image-24021\" alt=\"ru\u0161inac\" src=\"https:\/\/kastela.hr\/en\/wp-content\/uploads\/2024\/08\/rusinac-150x120-1.jpg\" width=\"150\" height=\"120\" \/><\/a>Ovotjedna emisija &#8220;Kronika Grada Ka\u0161tela&#8221; sadr\u017eava priloge o nastalim \u0161tetama u staklenicima zbog otu\u0111enja povr\u0107a u no\u0107nim satima, iznijeti su i stavovi udruge \u201eZeleni Dalmacije\u201c o potencijalnoj radioaktivnosti na podru\u010dju Jugovinila, a popra\u0107eno je i odr\u017eavanje stru\u010dnog skupa o gospodarenju otpadom i predstavljanje knjige \u201eCrveni predsjednik\u201c od strane Zdravka Tomca.<\/p>\n<p>\u00a0<\/p>\n<p>Emisiju mo\u017eete pogledati i pod rubrikom Video\/Audio\/Kronika Grada Ka\u0161tela.<\/p>\n<p>\u00a0<\/p>\n<p>[vimeo]https:\/\/vimeo.com\/113487057 [\/vimeo]<\/p>\n<p>\u00a0<\/p>\n","protected":false},"excerpt":{"rendered":"<p>Ovotjedna emisija &#8220;Kronika Grada Ka\u0161tela&#8221; sadr\u017eava priloge o nastalim \u0161tetama u staklenicima zbog otu\u0111enja povr\u0107a u no\u0107nim satima, iznijeti su [&hellip;]<\/p>\n","protected":false},"author":7,"featured_media":6383,"comment_status":"closed","ping_status":"open","sticky":false,"template":"","format":"standard","meta":{"_acf_changed":false,"footnotes":""},"categories":[1],"tags":[],"class_list":["post-6382","post","type-post","status-publish","format-standard","has-post-thumbnail","hentry","category-novosti"],"acf":[],"_links":{"self":[{"href":"https:\/\/kastela.hr\/en\/wp-json\/wp\/v2\/posts\/6382","targetHints":{"allow":["GET"]}}],"collection":[{"href":"https:\/\/kastela.hr\/en\/wp-json\/wp\/v2\/posts"}],"about":[{"href":"https:\/\/kastela.hr\/en\/wp-json\/wp\/v2\/types\/post"}],"author":[{"embeddable":true,"href":"https:\/\/kastela.hr\/en\/wp-json\/wp\/v2\/users\/7"}],"replies":[{"embeddable":true,"href":"https:\/\/kastela.hr\/en\/wp-json\/wp\/v2\/comments?post=6382"}],"version-history":[{"count":3,"href":"https:\/\/kastela.hr\/en\/wp-json\/wp\/v2\/posts\/6382\/revisions"}],"predecessor-version":[{"id":8500,"href":"https:\/\/kastela.hr\/en\/wp-json\/wp\/v2\/posts\/6382\/revisions\/8500"}],"wp:featuredmedia":[{"embeddable":true,"href":"https:\/\/kastela.hr\/en\/wp-json\/wp\/v2\/media\/6383"}],"wp:attachment":[{"href":"https:\/\/kastela.hr\/en\/wp-json\/wp\/v2\/media?parent=6382"}],"wp:term":[{"taxonomy":"category","embeddable":true,"href":"https:\/\/kastela.hr\/en\/wp-json\/wp\/v2\/categories?post=6382"},{"taxonomy":"post_tag","embeddable":true,"href":"https:\/\/kastela.hr\/en\/wp-json\/wp\/v2\/tags?post=6382"}],"curies":[{"name":"wp","href":"https:\/\/api.w.org\/{rel}","templated":true}]}}