{"id":6381,"date":"2014-12-09T11:05:29","date_gmt":"2014-12-09T10:05:29","guid":{"rendered":"https:\/\/kastela.hr\/en\/2014\/12\/09\/odrzana-12-sjednica-gradskog-vijeca-3\/"},"modified":"2024-08-29T10:48:24","modified_gmt":"2024-08-29T08:48:24","slug":"odrzana-12-sjednica-gradskog-vijeca-3","status":"publish","type":"post","link":"https:\/\/kastela.hr\/en\/2014\/12\/09\/odrzana-12-sjednica-gradskog-vijeca-3\/","title":{"rendered":"Odr\u017eana 12. sjednica Gradskog vije\u0107a"},"content":{"rendered":"<p><a href=\"https:\/\/kastela.hr\/en\/wp-content\/uploads\/2024\/08\/GRB-GRADA-KASTELA1-6.jpg\"><img loading=\"lazy\" decoding=\"async\" class=\"alignleft size-full wp-image-20606\" alt=\"GRB GRADA KASTELA\" src=\"https:\/\/kastela.hr\/en\/wp-content\/uploads\/2024\/08\/GRB-GRADA-KASTELA1-6.jpg\" width=\"93\" height=\"100\" \/><\/a>Sjednica Gradskog vije\u0107a, 12. po redu odr\u017eana je 8. prosinca 2014. godine.<\/p>\n<p>Prora\u010dun Grada Ka\u0161tela za 2015. godinu sa projekcijama za 2016.\/2017. usvojen je i iznosi 138.677.808 milijuna kuna. Donesene su izmjene Plana gospodarenja otpadom Grada Ka\u0161tela, a najbitnija izmjena plana odnosi se na jasno odre\u0111ene tri lokacije budu\u0107ih recikla\u017enih dvori\u0161ta na \u010desticama u vlasni\u0161tvu Grada na lokacijama: Ka\u0161tel Novi \u2013 ukupne povr\u0161ine 4823 m2, Ka\u0161tel Gomilica 5263 m2 i Ka\u0161tel Kambelovac 3557 m2.<\/p>\n<p>Gradsko vije\u0107e donijelo je i Odluku o povjeravanju komunalnih djelatnosti poslova Vlastitog pogona za koje Grad nema potrebnu opremu obrtu za gra\u0111evinarstvo i posredovanje u trgovini, Pasike iz Tugara. Ta vrsta komunalnih poslova obuhva\u0107ati \u0107e odr\u017eavanje javnih povr\u0161ina, groblja, javne rasvjete, pla\u017ea i ostalih djelatnosti kada su za izvo\u0111enje tih poslova potrebni gra\u0111evinski strojevi, kamioni i ostala oprema koju Grad ne posjeduje.<\/p>\n<p>Usvojeni su i prijedlozi Odluka o jednokratnoj nov\u010danoj pomo\u0107i za roditelje poginulih branitelja Domovinskog rata i pomo\u0107i za umirovljenike povodom Bo\u017ei\u0107a. Jednokratna nov\u010dana pomo\u0107 za sve roditelje poginulih branitelja Domovinskog rata iznosi 500,00 kuna. Umirovljenici sa mirovinom u iznosu do 2.000,00 kuna imaju pravo na Poklon -BON od 200,00 kuna, a umirovljenici sa mirovinom od 2.000,00 do 4.000,00 kuna imaju pravo na Poklon -BON od 100,00 kuna. Bonovi se mogu iskoristiti u trgovinama Tommy d.o.o. ili Ribola d.o.o.<\/p>\n<p>Na vije\u0107u je donesena i izmjena Odluke o Javnim priznanjima koja obuhva\u0107a nadopunu i pro\u0161irena obrazlo\u017eenja kandidata za Javna priznanja, a izabrani su i \u010dlanovi Savjeta mladih Grada Ka\u0161tela i njihovih zamjenika.<\/p>\n<p><strong>Cijelu sjednicu mo\u017eete pogledati na prilo\u017eenim video snimkama.<\/strong><\/p>\n<p>\u00a0<\/p>\n<p>[vimeo]https:\/\/vimeo.com\/113998836 [\/vimeo]<\/p>\n<p>\u00a0<\/p>\n<p>[vimeo]https:\/\/vimeo.com\/113998837 [\/vimeo]<\/p>\n<p>\u00a0<\/p>\n<p>[vimeo]https:\/\/vimeo.com\/114106731 [\/vimeo]<\/p>\n<p>\u00a0<\/p>\n<p>[vimeo]https:\/\/vimeo.com\/114106730 [\/vimeo]<\/p>\n<p>\u00a0<\/p>\n","protected":false},"excerpt":{"rendered":"<p>Sjednica Gradskog vije\u0107a, 12. po redu odr\u017eana je 8. prosinca 2014. godine. Prora\u010dun Grada Ka\u0161tela za 2015. godinu sa projekcijama [&hellip;]<\/p>\n","protected":false},"author":7,"featured_media":6243,"comment_status":"closed","ping_status":"open","sticky":false,"template":"","format":"standard","meta":{"_acf_changed":false,"footnotes":""},"categories":[1],"tags":[],"class_list":["post-6381","post","type-post","status-publish","format-standard","has-post-thumbnail","hentry","category-novosti"],"acf":[],"_links":{"self":[{"href":"https:\/\/kastela.hr\/en\/wp-json\/wp\/v2\/posts\/6381","targetHints":{"allow":["GET"]}}],"collection":[{"href":"https:\/\/kastela.hr\/en\/wp-json\/wp\/v2\/posts"}],"about":[{"href":"https:\/\/kastela.hr\/en\/wp-json\/wp\/v2\/types\/post"}],"author":[{"embeddable":true,"href":"https:\/\/kastela.hr\/en\/wp-json\/wp\/v2\/users\/7"}],"replies":[{"embeddable":true,"href":"https:\/\/kastela.hr\/en\/wp-json\/wp\/v2\/comments?post=6381"}],"version-history":[{"count":3,"href":"https:\/\/kastela.hr\/en\/wp-json\/wp\/v2\/posts\/6381\/revisions"}],"predecessor-version":[{"id":8499,"href":"https:\/\/kastela.hr\/en\/wp-json\/wp\/v2\/posts\/6381\/revisions\/8499"}],"wp:featuredmedia":[{"embeddable":true,"href":"https:\/\/kastela.hr\/en\/wp-json\/wp\/v2\/media\/6243"}],"wp:attachment":[{"href":"https:\/\/kastela.hr\/en\/wp-json\/wp\/v2\/media?parent=6381"}],"wp:term":[{"taxonomy":"category","embeddable":true,"href":"https:\/\/kastela.hr\/en\/wp-json\/wp\/v2\/categories?post=6381"},{"taxonomy":"post_tag","embeddable":true,"href":"https:\/\/kastela.hr\/en\/wp-json\/wp\/v2\/tags?post=6381"}],"curies":[{"name":"wp","href":"https:\/\/api.w.org\/{rel}","templated":true}]}}