{"id":6380,"date":"2014-12-11T07:57:08","date_gmt":"2014-12-11T06:57:08","guid":{"rendered":"https:\/\/kastela.hr\/en\/2014\/12\/11\/kronika-grada-kastela-15\/"},"modified":"2024-08-29T10:48:24","modified_gmt":"2024-08-29T08:48:24","slug":"kronika-grada-kastela-15","status":"publish","type":"post","link":"https:\/\/kastela.hr\/en\/2014\/12\/11\/kronika-grada-kastela-15\/","title":{"rendered":"Kronika Grada Ka\u0161tela"},"content":{"rendered":"<p><a href=\"https:\/\/kastela.hr\/en\/wp-content\/uploads\/2024\/08\/kaSTELA-12.jpg\"><img loading=\"lazy\" decoding=\"async\" class=\"alignleft size-thumbnail wp-image-19927\" alt=\"kaSTELA\" src=\"https:\/\/kastela.hr\/en\/wp-content\/uploads\/2024\/08\/kaSTELA-12.jpg\" width=\"150\" height=\"120\" \/><\/a>\u201eKronika Grada Ka\u0161tela\u201c \u2013 88. po redu emisija Tv Jadran koja se prikazuje svake srijede u 18:05 h ovaj tjedan sadr\u017eava: prilog o napredovanju radova sanacije i adaptacije na dje\u010djem vrti\u0107u Maslina &#8211; pribli\u017eavanje zavr\u0161noj fazi radova i kona\u010dnom dugo o\u010dekivanom zavr\u0161etku. Prikazan je i izvje\u0161taj sa 12. sjednice Gradskog vije\u0107a koja se odr\u017eala 8. prosinca. U Ka\u0161tel Su\u0107urcu odr\u017eano je nau\u010dno predavanju dr. Gorana Pavele o PTSP \u2013u na kojem su sudjelovali ka\u0161telanski branitelji kojima se pridru\u017eio i zamjenik gradona\u010delnika Zoran Bonacin, a mo\u017eete pogledati i dolazak Sv. Nikole na brce u Ka\u0161tel Stari.<\/p>\n<p>\u00a0<\/p>\n<p>[vimeo]https:\/\/vimeo.com\/114131114 [\/vimeo]<\/p>\n","protected":false},"excerpt":{"rendered":"<p>\u201eKronika Grada Ka\u0161tela\u201c \u2013 88. po redu emisija Tv Jadran koja se prikazuje svake srijede u 18:05 h ovaj tjedan [&hellip;]<\/p>\n","protected":false},"author":7,"featured_media":6290,"comment_status":"closed","ping_status":"open","sticky":false,"template":"","format":"standard","meta":{"_acf_changed":false,"footnotes":""},"categories":[1],"tags":[],"class_list":["post-6380","post","type-post","status-publish","format-standard","has-post-thumbnail","hentry","category-novosti"],"acf":[],"_links":{"self":[{"href":"https:\/\/kastela.hr\/en\/wp-json\/wp\/v2\/posts\/6380","targetHints":{"allow":["GET"]}}],"collection":[{"href":"https:\/\/kastela.hr\/en\/wp-json\/wp\/v2\/posts"}],"about":[{"href":"https:\/\/kastela.hr\/en\/wp-json\/wp\/v2\/types\/post"}],"author":[{"embeddable":true,"href":"https:\/\/kastela.hr\/en\/wp-json\/wp\/v2\/users\/7"}],"replies":[{"embeddable":true,"href":"https:\/\/kastela.hr\/en\/wp-json\/wp\/v2\/comments?post=6380"}],"version-history":[{"count":3,"href":"https:\/\/kastela.hr\/en\/wp-json\/wp\/v2\/posts\/6380\/revisions"}],"predecessor-version":[{"id":8497,"href":"https:\/\/kastela.hr\/en\/wp-json\/wp\/v2\/posts\/6380\/revisions\/8497"}],"wp:featuredmedia":[{"embeddable":true,"href":"https:\/\/kastela.hr\/en\/wp-json\/wp\/v2\/media\/6290"}],"wp:attachment":[{"href":"https:\/\/kastela.hr\/en\/wp-json\/wp\/v2\/media?parent=6380"}],"wp:term":[{"taxonomy":"category","embeddable":true,"href":"https:\/\/kastela.hr\/en\/wp-json\/wp\/v2\/categories?post=6380"},{"taxonomy":"post_tag","embeddable":true,"href":"https:\/\/kastela.hr\/en\/wp-json\/wp\/v2\/tags?post=6380"}],"curies":[{"name":"wp","href":"https:\/\/api.w.org\/{rel}","templated":true}]}}