{"id":6379,"date":"2014-12-12T13:08:40","date_gmt":"2014-12-12T12:08:40","guid":{"rendered":"https:\/\/kastela.hr\/en\/2014\/12\/12\/rezultati-izbora-za-clanove-i-zamjenike-clanova-savjeta-mladih-2\/"},"modified":"2024-08-29T10:48:24","modified_gmt":"2024-08-29T08:48:24","slug":"rezultati-izbora-za-clanove-i-zamjenike-clanova-savjeta-mladih-2","status":"publish","type":"post","link":"https:\/\/kastela.hr\/en\/2014\/12\/12\/rezultati-izbora-za-clanove-i-zamjenike-clanova-savjeta-mladih-2\/","title":{"rendered":"Rezultati izbora za \u010dlanove i zamjenike \u010dlanova Savjeta mladih"},"content":{"rendered":"<p><a href=\"http:\/\/www.kastela.hr\/wp-content\/uploads\/2014\/06\/KA\u0160TELA-GLAVA-KAL.jpg\"><img loading=\"lazy\" decoding=\"async\" class=\"alignleft size-thumbnail wp-image-19892\" alt=\"KA\u0160TELA GLAVA KAL\" src=\"https:\/\/kastela.hr\/en\/wp-content\/uploads\/2024\/08\/KASTELA-GLAVA-KAL-150x120-1.jpg\" width=\"150\" height=\"120\" \/><\/a>Temeljem \u010dlanka 11. stavka 1. Zakona o savjetima mladih (\u201eNarodne novine\u201c broj 41\/14) i \u010dlanka 10. stavka 6. Odluke o osnivanju savjeta mladih Grada Ka\u0161tela objavljuju se Rezultati izbora za izbor \u010dlanova savjeta mladih Grada Ka\u0161tela i njihovih zamjenika:<\/p>\n<p><strong><a href=\"http:\/\/www.kastela.hr\/wp-content\/uploads\/2014\/12\/Odluka-o-izboru-clanova-Savjeta-mladih-Grada-Kastela-i-njihovih-zamjenika.pdf\">Odluka o izboru \u010dlanova Savjeta mladih Grada Ka\u0161tela i njihovih zamjenika<\/a><\/strong><\/p>\n<p>\u00a0<\/p>\n<p>\u00a0<\/p>\n","protected":false},"excerpt":{"rendered":"<p>Temeljem \u010dlanka 11. stavka 1. Zakona o savjetima mladih (\u201eNarodne novine\u201c broj 41\/14) i \u010dlanka 10. stavka 6. Odluke o [&hellip;]<\/p>\n","protected":false},"author":7,"featured_media":6273,"comment_status":"closed","ping_status":"open","sticky":false,"template":"","format":"standard","meta":{"_acf_changed":false,"footnotes":""},"categories":[1],"tags":[],"class_list":["post-6379","post","type-post","status-publish","format-standard","has-post-thumbnail","hentry","category-novosti"],"acf":[],"_links":{"self":[{"href":"https:\/\/kastela.hr\/en\/wp-json\/wp\/v2\/posts\/6379","targetHints":{"allow":["GET"]}}],"collection":[{"href":"https:\/\/kastela.hr\/en\/wp-json\/wp\/v2\/posts"}],"about":[{"href":"https:\/\/kastela.hr\/en\/wp-json\/wp\/v2\/types\/post"}],"author":[{"embeddable":true,"href":"https:\/\/kastela.hr\/en\/wp-json\/wp\/v2\/users\/7"}],"replies":[{"embeddable":true,"href":"https:\/\/kastela.hr\/en\/wp-json\/wp\/v2\/comments?post=6379"}],"version-history":[{"count":3,"href":"https:\/\/kastela.hr\/en\/wp-json\/wp\/v2\/posts\/6379\/revisions"}],"predecessor-version":[{"id":8496,"href":"https:\/\/kastela.hr\/en\/wp-json\/wp\/v2\/posts\/6379\/revisions\/8496"}],"wp:featuredmedia":[{"embeddable":true,"href":"https:\/\/kastela.hr\/en\/wp-json\/wp\/v2\/media\/6273"}],"wp:attachment":[{"href":"https:\/\/kastela.hr\/en\/wp-json\/wp\/v2\/media?parent=6379"}],"wp:term":[{"taxonomy":"category","embeddable":true,"href":"https:\/\/kastela.hr\/en\/wp-json\/wp\/v2\/categories?post=6379"},{"taxonomy":"post_tag","embeddable":true,"href":"https:\/\/kastela.hr\/en\/wp-json\/wp\/v2\/tags?post=6379"}],"curies":[{"name":"wp","href":"https:\/\/api.w.org\/{rel}","templated":true}]}}