{"id":6377,"date":"2014-12-18T07:56:18","date_gmt":"2014-12-18T06:56:18","guid":{"rendered":"https:\/\/kastela.hr\/en\/2014\/12\/18\/kronika-grada-kastela-14\/"},"modified":"2024-08-29T10:48:24","modified_gmt":"2024-08-29T08:48:24","slug":"kronika-grada-kastela-14","status":"publish","type":"post","link":"https:\/\/kastela.hr\/en\/2014\/12\/18\/kronika-grada-kastela-14\/","title":{"rendered":"Kronika Grada Ka\u0161tela"},"content":{"rendered":"<p><a href=\"https:\/\/kastela.hr\/en\/wp-content\/uploads\/2024\/08\/BOZICNI-GRAD-51.jpg\"><img loading=\"lazy\" decoding=\"async\" class=\"alignleft size-thumbnail wp-image-24526\" alt=\"BOZICNI GRAD 5\" src=\"https:\/\/kastela.hr\/en\/wp-content\/uploads\/2024\/08\/BOZICNI-GRAD-51.jpg\" width=\"150\" height=\"120\" \/><\/a>U ovotjednoj Kronici Grada Ka\u0161tela \u2013 89. emisiji, mo\u017eete pogledati prosvjed stanara i gra\u0111ana Ka\u0161tela protiv bazne stanice mobilnog operatera postavljene na krov obiteljske ku\u0107e u Ka\u0161tel Luk\u0161i\u0107u na adresi Ivana Pavla II. Gradona\u010delnik je kao i \u010dlanovi moto kluba Plavi vitezovi posjetio Centar Mir povodom blagdana Sv. Lucije, a tako\u0111er mo\u017eete pogledati i posjet \u010dlanova ka\u0161telanskog motoristi\u010dkog kluba \u201eSjene\u201c dje\u010djem domu \u201eMiljenko i Dobrila\u201c. \u00a0Popra\u0107eno je otvorenje Bo\u017ei\u0107nog grada na Brcu u Ka\u0161tel Starome, kao i sve\u010dana proslava stoljetnih obljetnica prvih knji\u017enica u Ka\u0161telima i prve \u010ditaonice.<\/p>\n<p>\u00a0<\/p>\n<p>[vimeo]https:\/\/vimeo.com\/114772944 [\/vimeo]<\/p>\n<p>\u00a0<\/p>\n<p>\u00a0<\/p>\n","protected":false},"excerpt":{"rendered":"<p>U ovotjednoj Kronici Grada Ka\u0161tela \u2013 89. emisiji, mo\u017eete pogledati prosvjed stanara i gra\u0111ana Ka\u0161tela protiv bazne stanice mobilnog operatera [&hellip;]<\/p>\n","protected":false},"author":7,"featured_media":6378,"comment_status":"closed","ping_status":"open","sticky":false,"template":"","format":"standard","meta":{"_acf_changed":false,"footnotes":""},"categories":[1],"tags":[],"class_list":["post-6377","post","type-post","status-publish","format-standard","has-post-thumbnail","hentry","category-novosti"],"acf":[],"_links":{"self":[{"href":"https:\/\/kastela.hr\/en\/wp-json\/wp\/v2\/posts\/6377","targetHints":{"allow":["GET"]}}],"collection":[{"href":"https:\/\/kastela.hr\/en\/wp-json\/wp\/v2\/posts"}],"about":[{"href":"https:\/\/kastela.hr\/en\/wp-json\/wp\/v2\/types\/post"}],"author":[{"embeddable":true,"href":"https:\/\/kastela.hr\/en\/wp-json\/wp\/v2\/users\/7"}],"replies":[{"embeddable":true,"href":"https:\/\/kastela.hr\/en\/wp-json\/wp\/v2\/comments?post=6377"}],"version-history":[{"count":3,"href":"https:\/\/kastela.hr\/en\/wp-json\/wp\/v2\/posts\/6377\/revisions"}],"predecessor-version":[{"id":8495,"href":"https:\/\/kastela.hr\/en\/wp-json\/wp\/v2\/posts\/6377\/revisions\/8495"}],"wp:featuredmedia":[{"embeddable":true,"href":"https:\/\/kastela.hr\/en\/wp-json\/wp\/v2\/media\/6378"}],"wp:attachment":[{"href":"https:\/\/kastela.hr\/en\/wp-json\/wp\/v2\/media?parent=6377"}],"wp:term":[{"taxonomy":"category","embeddable":true,"href":"https:\/\/kastela.hr\/en\/wp-json\/wp\/v2\/categories?post=6377"},{"taxonomy":"post_tag","embeddable":true,"href":"https:\/\/kastela.hr\/en\/wp-json\/wp\/v2\/tags?post=6377"}],"curies":[{"name":"wp","href":"https:\/\/api.w.org\/{rel}","templated":true}]}}