{"id":6376,"date":"2014-12-23T14:08:08","date_gmt":"2014-12-23T13:08:08","guid":{"rendered":"https:\/\/kastela.hr\/en\/2014\/12\/23\/osvrt-na-konferenciju-o-gospodarenju-otpadom\/"},"modified":"2024-08-29T10:48:24","modified_gmt":"2024-08-29T08:48:24","slug":"osvrt-na-konferenciju-o-gospodarenju-otpadom","status":"publish","type":"post","link":"https:\/\/kastela.hr\/en\/2014\/12\/23\/osvrt-na-konferenciju-o-gospodarenju-otpadom\/","title":{"rendered":"Osvrt na konferenciju o gospodarenju otpadom"},"content":{"rendered":"<p><a href=\"http:\/\/www.kastela.hr\/wp-content\/uploads\/2014\/06\/KA\u0160TELA-GLAVA-KAL.jpg\"><img loading=\"lazy\" decoding=\"async\" class=\"alignleft size-thumbnail wp-image-19892\" alt=\"KA\u0160TELA GLAVA KAL\" src=\"https:\/\/kastela.hr\/en\/wp-content\/uploads\/2024\/08\/KASTELA-GLAVA-KAL-150x120-1.jpg\" width=\"150\" height=\"120\" \/><\/a>U Splitu, u amfiteatru Fakulteta gra\u0111evinarstva, arhitekture i geodezije 26. studenog 2014.g. odr\u017eana je konferencija o gospodarenju otpadom na podru\u010dju Splitsko-dalmatinske \u017eupanije.<\/p>\n<p>Povjerenstvo za za\u0161titu okoli\u0161a Grada Ka\u0161tela osvrnulo se na odr\u017eani skup otvorenim pismom koje je upu\u0107eno medijima.<\/p>\n<p>\u00a0<\/p>\n<p><span style=\"color: #ff0000;\"><b><span style=\"text-decoration: underline;\">Osvrt na konferenciju<\/span><\/b><b><span style=\"text-decoration: underline;\">\u00a0<\/span><\/b><\/span><\/p>\n<p>&#8211; U srijedu, <strong>26. studenog 2014. godine,<\/strong><strong> <\/strong>u amfiteatru Fakulteta gra\u0111evinarstva, arhitekture i geodezije u Splitu, odr\u017ean je skup nalik na igrokaz, pod nazivom &#8221;<i>Konferencija <strong>Gospodarenje otpadom<\/strong>\u201c <\/i>kako je nazvan od strane organizatora tj. Fakulteta gra\u0111evinarstva, arhitekture i geodezije te nazivom &#8221;<i>Stru\u010dnom skupu Gospodarenje otpadom u Splitsko-dalmatinskoj \u017eupaniji&#8221; \u00a0<\/i>kako je nazvan od strane partnera,\u00a0 Ministarstva za\u0161tite okoli\u0161a i prirode. O\u010dito je da se organizator i partner nisu usaglasili ni o temi ni o vrsti skupa. Interesantno je da je \u201eskup\u201c odr\u017ean u suradnji (opet) s gra\u0111evinskim fakultetom koji je na na\u0161em podrucju ishodi\u0161te &#8220;brige&#8221; za zastitu okolisa i gospodarenje otpadom dugi niz godina.<\/p>\n<p><em>Sven M\u00fcller, d<\/em>irektor Fonda za za\u0161titu okoli\u0161a i energetsku u\u010dinkovitost osvrnuo se i na slu\u010daj spaljivanja otpada u Cemexovim tvornicama. Iako o rje\u0161enju Ministarstva odlu\u010duje Upravni sud, on smatra da je rje\u0161enje ispravno. Premda je po struci diplomirani in\u017eenjer gra\u0111evinarstva daje sebi za pravo prejudicirati odluku Upravnog suda, \u010dime izravno vr\u0161i pritisak na pravosu\u0111e. Jako nas je zabrinula i njegova izjava &#8221; <i>Cemex je ulo\u017eio ozbiljna sredstva, ali oni su privatna firma koja je ulo\u017eila u pobolj\u0161anje svoje proizvodnje.\u00a0 <span style=\"text-decoration: underline;\">Nadam se da \u0107emo svjedo\u010diti tome da oni proizvode gorivo iz otpada<\/span> \u2026<\/i>&#8221; Postavlja se pitanje je li ovo nagovje\u0161taj da \u0107e spaljiva\u010d odre\u0111ivati koli\u010dinu, vrstu i cijenu otpada odre\u0111enog za spaljivanje a nama \u0107e jedino biti du\u017enost da sve to uredno skupo pla\u0107amo? Gospodin M\u00fcller ovom izjavom svjesno pristaje uz one\u010di\u0161\u0107iva\u0107e okoli\u0161a. \u0160to se ti\u010de ulaganja Cemexa u \u201epobolj\u0161anje svoje proizvodnje\u201c (bolje re\u010deno investiranje u postrojenje za manipulaciju otpadom) Cemex je znao za apsolutno protivljenje lokalne samouprave i zajednice spaljivanju otpada ali je svjesno u\u0161ao u poslovni rizik.<\/p>\n<p>Kako bi na podru\u010dju Splitsko-dalmatinske \u017eupanije jedino centar za gospodarenje otpadom planiran u Le\u0107evici proizvodio <i>&#8221;gorivo iz otpada<\/i>&#8221; ova izjava navodi nas na zaklju\u010dak da se obavljaju pregovori izme\u0111u Fonda i Cemexa u cilju Cemexovog upravljanja \u017eupanijskim centrom za gospodarenje otpadom !? Fond za za\u0161titu okoli\u0161a i energetsku u\u010dinkovitost bio je i pokrovitelj skupa.<\/p>\n<p>Aleksandra Ani\u0107 Vu\u010dini\u0107, nekada\u0161nja djelatnica Ministarstva za\u0161tite okoli\u0161a, prostornog ure\u0111enja i graditeljstva, \u00a0predsjednica Hrvatske udruge za gospodarenje otpadom, istaknula je kako javnost mora biti uklju\u010dena od ranih faza projekta, ali je poru\u010dila i <i>&#8221;Javnost ne mo\u017ee re\u0107i da ona ne \u017eeli na svom podru\u010dju centar ili recikla\u017eno dvori\u0161te. Oni mogu tra\u017eiti da se stavi dodatni filter, da se mjerenja kakvo\u0107e zraka \u010de\u0161\u0107e provode i mogu davati prijedloge koji \u0107e pobolj\u0161ati sustav<\/i>&#8221;. Nije se referirala na ni jedan pravni propis kojim bi to potvrdila. Nije ni mogla jer ni jedan joj ne daje za pravo. Vjerujemo da je ova njena izjava poslu\u017eila u cilju diskreditiranja zakonski utemeljene \u010detiri odluke Gradskog vije\u0107a Grada Ka\u0161tela kojim se na teritoriju Grada Ka\u0161tela zabranjuje spaljivanje i suspaljivanje &#8221;goriva iz otpada&#8221;. Njene izjave navode na zaklju\u010dak da ova biv\u0161a djelatnica Ministarstva za\u0161tite okoli\u0161a nije upoznata s Arhu\u0161kom konvencijom, na\u010delom supsidijarnosti i drugim zakonima i podzakonskim aktima koji omogu\u0107avaju lokalnoj samoupravi za\u0161titu okoli\u0161a s ciljem za\u0161tite zdravlja ljudi. Postavlja se pitanje kakav kadar radi u nadle\u017enom ministarstvu? Gospo\u0111a Ani\u0107 Vu\u010dini\u0107 je me\u0111u ostalim i vlasnica tvrtke\u00a0 AAVA savjetovanje d.o.o. koja se bavi savjetovanjem u vezi s poslovanjem i upravljanjem; reklamom i propagandom; sakupljanjem, uvozom i izvozom otpada, prijevozom otpada za potrebe drugih \u2026 Udruga za gospodarenje otpadom koju je gospo\u0111a Ani\u0107 Vu\u010dini\u0107 predstavljala na skupu bila je i pokrovitelj samog skupa. Tvrtka Cemex je &#8221;srebrni sponzor&#8221; navedene Udruge, pa je \u010dak i upitno koga je zastupala gospo\u0111a Ani\u0107 Vu\u010dini\u0107. Ove \u010dinjenice same govore o kakvoj se vrsti \u201eskupa\u201c radi i koliko je duboka umre\u017eenost sudionika, institucija i\u00a0 &#8221;srebrnog sponzora&#8221; .<\/p>\n<p>Sandra Tucak Zori\u0107, lije\u010dnica, pomo\u0107nica pro\u010delnika za za\u0161titu okoli\u0161a i gospodarenje otpadom Grada Zagreba, direktorica Zagreba\u010dkog centra za gospodarenje otpadom, kazala je kako se spalionice nalaze u centru Londona, Be\u010da, Z\u00fcricha, na obali Kopenhagena, u Parizu a da studije pokazuju kako nije prona\u0111eno pove\u0107anje razine dioksina u krvi onih koji stanuju u blizinama centara za termi\u010dku obradu otpada. Lije\u010dnica bi trebala \u0161tititi zdravlje onih zbog kojih je polo\u017eila hipokratovu zakletvu i barem s vremena na vrijeme pro\u010ditati ne\u0161to znanstvene literature o utjecaju spalionica i suspalionica na zdravlje ljudi.<\/p>\n<p>Renato \u0160arc, <strong>iz\u00a0Instituta za gospodarenja otpadom Sveu\u010dili\u0161ta Leoben iz\u00a0Austrije, <\/strong>\u00a0posebni savjetnik ministra, govorio je o prednostima &#8221;goriva dobivenog iz otpada&#8221;. \u010cak je istakao da su po pitanju one\u010di\u0161\u0107enja okoli\u0161a emisijama dioksina i furana ve\u0107i zaga\u0111iva\u010di mala ku\u0107anstva nego industrija. Naveo je i da nas otpad mo\u017ee grijati, davati nam energiju, kako toplinsku, tako i elektri\u010dnu !? Prije dvije godine, u prosincu, tvrtka Cemex Hrvatska organizirala je studijsko putovanje za <span style=\"text-decoration: underline;\">novinare!?<\/span> u Graz i okolicu kako bi ih upoznala sa &#8221;sustavom modernog gospodarenja otpadom&#8221;. I upravo je Renato \u0160arc bio prezenter &#8221;sustava&#8221;!<\/p>\n<p>Hrvatsko dru\u0161tvo kemijskih in\u017eenjera i tehnologa te \u010dasopis <b><a href=\"http:\/\/www.hdki.hr\/kui\"><strong>Kemija u industriji<\/strong><\/a> <\/b>organizirali su tribine <i>\u00a0<\/i>&#8221;Za\u0161tita okoli\u0161a u Hrvatskoj u procesu pristupanja Europskoj uniji (EU)&#8221;. Tribine je potpomogla tj. sponzorala tvrtka Cemex. Upravo je na tako sponzoriranoj tribini Renato \u0160arc u travnju 2013. godine u Splitu, predavao o mehani\u010dko-biolo\u0161koj obradi otpada i njegovom (su)spaljivanju!<\/p>\n<p>\u00a0<\/p>\n<p>Hijerarhija gospodarenja otpadom je odavno poznata i na prvom mjestu uklju\u010duje smanjenje koli\u010dine otpada, ponovnu uporabu, recikliranje, kompostiranje. Spaljivanje se predvi\u0111a tek kao predzadnji stupanj. EU postupno zabranjuje spaljivanje njegovim smanjivanjem donose\u0107i razli\u010dite deklaracije o zabrani spaljivanja uz proklamirane rokove. Predava\u010di su zagovarali spaljivanje ili suspaljivanje otpada, \u010dak poku\u0161avaju\u0107i uvjeriti javost da nije \u0161tetno po okoli\u0161 i ljudsko zdravlje. Me\u0111u predava\u010dima nije bilo ekologa, biologa, kemi\u010dara, \u010dlanova ekolo\u0161kih udruga\u2026 Vjerujemo da su namjerno izostavljeni jer bi se u slu\u010daju sudjelovanja mogli stru\u010dno i znanstveno suprotstaviti zagovornicima spaljivanja i suspaljivanja. Skup koji se nazove &#8221;konferencijom&#8221; ili &#8221;stru\u010dnim skupom&#8221; mora uvijek uklju\u010diti i raspravu javnosti. Pisanje pitanja na ceduljice i odgovaranje na samo odabrana pitanja bez mogu\u0107nosti rasprave, ne mogu se nazvati sudjelovanjem javnosti. To razotkriva slabost argumenata i namjere piromanskog lobija. \u00a0Ukoliko se htjelo izbje\u0107i sudjelovanje javnosti, tada javnost nije smjela ni biti pu\u0161tena u dvoranu. Predava\u010di su koristili izraz &#8221;gorivo iz otpada&#8221; iako se ne radi o gorivu ve\u0107 o otpadu navedenom u Katalogu otpada kao &#8221;gorivi otpad&#8221;.\u00a0 Gorivo se kupuje. Gorivi otpad cementare ne\u0107e kupovati ve\u0107 \u0107e im se pla\u0107ati njegovo lo\u017eenje. Mi\u0161ljenja smo da se izraz &#8221;gorivo iz otpada&#8221; namjerno koristio u cilju obmanjivanja javnosti.<\/p>\n<p>Iz\u00a0 svega navedenog mi\u0161ljenja smo da se skup odigrao zbog pogodovanja suspaljivanju otpada u cementnoj industriji. Ro\u010di\u0161te pred Upravnim sudom, vezano za suspaljivanje otpada u cementari, zakazano ja za 30. prosinca ove godine. Mi\u0161ljenja smo da skup na kojem se \u010duje samo jedna strana, predstavlja pritisak na pravosu\u0111e.<\/p>\n<p>\u00a0<\/p>\n","protected":false},"excerpt":{"rendered":"<p>U Splitu, u amfiteatru Fakulteta gra\u0111evinarstva, arhitekture i geodezije 26. studenog 2014.g. odr\u017eana je konferencija o gospodarenju otpadom na podru\u010dju [&hellip;]<\/p>\n","protected":false},"author":7,"featured_media":6273,"comment_status":"closed","ping_status":"open","sticky":false,"template":"","format":"standard","meta":{"_acf_changed":false,"footnotes":""},"categories":[1],"tags":[],"class_list":["post-6376","post","type-post","status-publish","format-standard","has-post-thumbnail","hentry","category-novosti"],"acf":[],"_links":{"self":[{"href":"https:\/\/kastela.hr\/en\/wp-json\/wp\/v2\/posts\/6376","targetHints":{"allow":["GET"]}}],"collection":[{"href":"https:\/\/kastela.hr\/en\/wp-json\/wp\/v2\/posts"}],"about":[{"href":"https:\/\/kastela.hr\/en\/wp-json\/wp\/v2\/types\/post"}],"author":[{"embeddable":true,"href":"https:\/\/kastela.hr\/en\/wp-json\/wp\/v2\/users\/7"}],"replies":[{"embeddable":true,"href":"https:\/\/kastela.hr\/en\/wp-json\/wp\/v2\/comments?post=6376"}],"version-history":[{"count":3,"href":"https:\/\/kastela.hr\/en\/wp-json\/wp\/v2\/posts\/6376\/revisions"}],"predecessor-version":[{"id":8494,"href":"https:\/\/kastela.hr\/en\/wp-json\/wp\/v2\/posts\/6376\/revisions\/8494"}],"wp:featuredmedia":[{"embeddable":true,"href":"https:\/\/kastela.hr\/en\/wp-json\/wp\/v2\/media\/6273"}],"wp:attachment":[{"href":"https:\/\/kastela.hr\/en\/wp-json\/wp\/v2\/media?parent=6376"}],"wp:term":[{"taxonomy":"category","embeddable":true,"href":"https:\/\/kastela.hr\/en\/wp-json\/wp\/v2\/categories?post=6376"},{"taxonomy":"post_tag","embeddable":true,"href":"https:\/\/kastela.hr\/en\/wp-json\/wp\/v2\/tags?post=6376"}],"curies":[{"name":"wp","href":"https:\/\/api.w.org\/{rel}","templated":true}]}}