{"id":6365,"date":"2015-02-09T07:08:12","date_gmt":"2015-02-09T06:08:12","guid":{"rendered":"https:\/\/kastela.hr\/en\/2015\/02\/09\/kronika-grada-kastela-13\/"},"modified":"2024-08-29T10:48:24","modified_gmt":"2024-08-29T08:48:24","slug":"kronika-grada-kastela-13","status":"publish","type":"post","link":"https:\/\/kastela.hr\/en\/2015\/02\/09\/kronika-grada-kastela-13\/","title":{"rendered":"Kronika Grada Ka\u0161tela"},"content":{"rendered":"<p><a href=\"http:\/\/www.kastela.hr\/wp-content\/uploads\/2014\/06\/ka\u0161tela-slika-33.jpg\"><img loading=\"lazy\" decoding=\"async\" class=\"alignleft size-thumbnail wp-image-19924\" alt=\"ka\u0161tela-slika-33\" src=\"https:\/\/kastela.hr\/en\/wp-content\/uploads\/2024\/08\/kastela-slika-33-150x120-1.jpg\" width=\"150\" height=\"120\" \/><\/a>Kronika Grada Ka\u0161tela, mozai\u010dna emisija televizije Jadran o aktualnostima i doga\u0111anjima u Ka\u0161telima, u 2015. godini prikazivati \u0107e se nedjeljom u 20:45 sa repriznim emitiranjem, srijedom u 18:05h.<br \/>\nU ovotjednoj Kronici mo\u017eete pogledati prilog o tiskovnoj konferenciji Grada i Eko Agencije odr\u017eanoj u Gradskoj upravi 05. velja\u010de 2015.god. Prikazan je i prilog o zamjeni postoje\u0107e rasvjete na ulicama Ka\u0161tela sa LED rasvjetnim tijelima pomo\u0107u sufinanciranja iz Fonda za za\u0161titu okoli\u0161a i energetske u\u010dinkovitosti s ciljem postizanja milijunskih u\u0161teda. Od doga\u0111anja je popra\u0107eno i odr\u017eavanje kambelovskog krnjevala, i prikupljanje uzoraka za 12. Ve\u010der ka\u0161telanskih vina koja \u0107e se povodom dana Grada odr\u017eati u organizaciji Dru\u0161tva za o\u010duvanje kulturne ba\u0161tine \u201eBija\u0107i\u201c, Udruge vinara Ka\u0161tela-Crljenak 2001 g., S\u0160 Bra\u0107e Radi\u0107 i Grada.<\/p>\n<p>Kroniku Grada Ka\u0161tela mo\u017eete pogledati i pod rubrikom Video\/audio.<\/p>\n<p>\u00a0<\/p>\n<p>[vimeo]https:\/\/vimeo.com\/119058876 [\/vimeo]<\/p>\n<p>\u00a0<\/p>\n","protected":false},"excerpt":{"rendered":"<p>Kronika Grada Ka\u0161tela, mozai\u010dna emisija televizije Jadran o aktualnostima i doga\u0111anjima u Ka\u0161telima, u 2015. godini prikazivati \u0107e se nedjeljom [&hellip;]<\/p>\n","protected":false},"author":7,"featured_media":6366,"comment_status":"closed","ping_status":"open","sticky":false,"template":"","format":"standard","meta":{"_acf_changed":false,"footnotes":""},"categories":[1],"tags":[],"class_list":["post-6365","post","type-post","status-publish","format-standard","has-post-thumbnail","hentry","category-novosti"],"acf":[],"_links":{"self":[{"href":"https:\/\/kastela.hr\/en\/wp-json\/wp\/v2\/posts\/6365","targetHints":{"allow":["GET"]}}],"collection":[{"href":"https:\/\/kastela.hr\/en\/wp-json\/wp\/v2\/posts"}],"about":[{"href":"https:\/\/kastela.hr\/en\/wp-json\/wp\/v2\/types\/post"}],"author":[{"embeddable":true,"href":"https:\/\/kastela.hr\/en\/wp-json\/wp\/v2\/users\/7"}],"replies":[{"embeddable":true,"href":"https:\/\/kastela.hr\/en\/wp-json\/wp\/v2\/comments?post=6365"}],"version-history":[{"count":3,"href":"https:\/\/kastela.hr\/en\/wp-json\/wp\/v2\/posts\/6365\/revisions"}],"predecessor-version":[{"id":8492,"href":"https:\/\/kastela.hr\/en\/wp-json\/wp\/v2\/posts\/6365\/revisions\/8492"}],"wp:featuredmedia":[{"embeddable":true,"href":"https:\/\/kastela.hr\/en\/wp-json\/wp\/v2\/media\/6366"}],"wp:attachment":[{"href":"https:\/\/kastela.hr\/en\/wp-json\/wp\/v2\/media?parent=6365"}],"wp:term":[{"taxonomy":"category","embeddable":true,"href":"https:\/\/kastela.hr\/en\/wp-json\/wp\/v2\/categories?post=6365"},{"taxonomy":"post_tag","embeddable":true,"href":"https:\/\/kastela.hr\/en\/wp-json\/wp\/v2\/tags?post=6365"}],"curies":[{"name":"wp","href":"https:\/\/api.w.org\/{rel}","templated":true}]}}