{"id":6361,"date":"2015-02-19T12:48:33","date_gmt":"2015-02-19T11:48:33","guid":{"rendered":"https:\/\/kastela.hr\/en\/2015\/02\/19\/sazvana-3-tematska-sjednica-gradskog-vijeca\/"},"modified":"2024-08-29T10:48:24","modified_gmt":"2024-08-29T08:48:24","slug":"sazvana-3-tematska-sjednica-gradskog-vijeca","status":"publish","type":"post","link":"https:\/\/kastela.hr\/en\/2015\/02\/19\/sazvana-3-tematska-sjednica-gradskog-vijeca\/","title":{"rendered":"Sazvana 3. Tematska sjednica Gradskog vije\u0107a"},"content":{"rendered":"<p><a href=\"https:\/\/kastela.hr\/en\/wp-content\/uploads\/2024\/08\/GRB-GRADA-KASTELA1-6.jpg\"><img loading=\"lazy\" decoding=\"async\" class=\"alignleft size-full wp-image-20606\" alt=\"GRB GRADA KASTELA\" src=\"https:\/\/kastela.hr\/en\/wp-content\/uploads\/2024\/08\/GRB-GRADA-KASTELA1-6.jpg\" width=\"93\" height=\"100\" \/><\/a>Predsjednik Gradskog vije\u0107a, Denis Ivanovi\u0107 sazvao je 3. Tematsku sjednicu GV na temu: Turizam u Ka\u0161telima, koja \u0107e se odr\u017eati <strong>25. velja\u010de 2015.g.<\/strong> (srijeda) u 12:00 sati u Gradskoj vije\u0107nici.<\/p>\n<p>Dnevni red sjednice sadr\u017ei to\u010dku o stanju i potencijalima turizma u Gradu Ka\u0161tela o \u010demu \u0107e izvjestiti direktor TZ Splitsko-dalmatinske \u017eupanije Jo\u0161ko Stella, direktorica TZ Grada Ka\u0161tela Nada Mar\u0161i\u0107 i ravnatelj Muzeja Grada Ka\u0161tela, Ivan \u0160uta.<\/p>\n<p><a href=\"http:\/\/www.kastela.hr\/wp-content\/uploads\/2015\/02\/3.Tematska-sjednica-Gradskog-vije\u0107a-Grada-Ka\u0161tela.pdf\">Poziv za 3. Tematsku sjednicu Gradskog vije\u0107a Grada Ka\u0161tela<\/a><\/p>\n<p>\u00a0<\/p>\n","protected":false},"excerpt":{"rendered":"<p>Predsjednik Gradskog vije\u0107a, Denis Ivanovi\u0107 sazvao je 3. Tematsku sjednicu GV na temu: Turizam u Ka\u0161telima, koja \u0107e se odr\u017eati [&hellip;]<\/p>\n","protected":false},"author":7,"featured_media":6243,"comment_status":"closed","ping_status":"open","sticky":false,"template":"","format":"standard","meta":{"_acf_changed":false,"footnotes":""},"categories":[1],"tags":[],"class_list":["post-6361","post","type-post","status-publish","format-standard","has-post-thumbnail","hentry","category-novosti"],"acf":[],"_links":{"self":[{"href":"https:\/\/kastela.hr\/en\/wp-json\/wp\/v2\/posts\/6361","targetHints":{"allow":["GET"]}}],"collection":[{"href":"https:\/\/kastela.hr\/en\/wp-json\/wp\/v2\/posts"}],"about":[{"href":"https:\/\/kastela.hr\/en\/wp-json\/wp\/v2\/types\/post"}],"author":[{"embeddable":true,"href":"https:\/\/kastela.hr\/en\/wp-json\/wp\/v2\/users\/7"}],"replies":[{"embeddable":true,"href":"https:\/\/kastela.hr\/en\/wp-json\/wp\/v2\/comments?post=6361"}],"version-history":[{"count":3,"href":"https:\/\/kastela.hr\/en\/wp-json\/wp\/v2\/posts\/6361\/revisions"}],"predecessor-version":[{"id":8491,"href":"https:\/\/kastela.hr\/en\/wp-json\/wp\/v2\/posts\/6361\/revisions\/8491"}],"wp:featuredmedia":[{"embeddable":true,"href":"https:\/\/kastela.hr\/en\/wp-json\/wp\/v2\/media\/6243"}],"wp:attachment":[{"href":"https:\/\/kastela.hr\/en\/wp-json\/wp\/v2\/media?parent=6361"}],"wp:term":[{"taxonomy":"category","embeddable":true,"href":"https:\/\/kastela.hr\/en\/wp-json\/wp\/v2\/categories?post=6361"},{"taxonomy":"post_tag","embeddable":true,"href":"https:\/\/kastela.hr\/en\/wp-json\/wp\/v2\/tags?post=6361"}],"curies":[{"name":"wp","href":"https:\/\/api.w.org\/{rel}","templated":true}]}}