{"id":6343,"date":"2015-03-05T07:51:52","date_gmt":"2015-03-05T06:51:52","guid":{"rendered":"https:\/\/kastela.hr\/en\/2015\/03\/05\/svecanom-sjednicom-obiljezen-dan-grada\/"},"modified":"2024-08-29T10:48:24","modified_gmt":"2024-08-29T08:48:24","slug":"svecanom-sjednicom-obiljezen-dan-grada","status":"publish","type":"post","link":"https:\/\/kastela.hr\/en\/2015\/03\/05\/svecanom-sjednicom-obiljezen-dan-grada\/","title":{"rendered":"Sve\u010danom sjednicom obilje\u017een Dan Grada"},"content":{"rendered":"<p><a href=\"https:\/\/kastela.hr\/en\/wp-content\/uploads\/2024\/08\/Dan-grada-2015.jpg\"><img loading=\"lazy\" decoding=\"async\" class=\"alignleft size-thumbnail wp-image-25808\" alt=\"Dan grada 2015.\" src=\"https:\/\/kastela.hr\/en\/wp-content\/uploads\/2024\/08\/Dan-grada-2015.jpg\" width=\"150\" height=\"120\" \/><\/a>Sve\u010dano obilje\u017eavanje Dana Grada Ka\u0161tela 2015. godine zapo\u010delo je polaganjem vijenaca pred spomenikom prvog hrvatskog predsjednika dr. Franje Tu\u0111mana u Ka\u0161tel Luk\u0161i\u0107u i pred Spomen Kri\u017eem poginulim braniteljima na Mala\u010dkoj. Odavanje po\u010dasti, polaganjem vijenaca iskazalo je izaslanstvo Grada predvo\u0111eno gradona\u010delnikom Ivanom Udovi\u010di\u0107em, u pratnji predstavnika \u010delnika op\u0107ina i gradova koji su svojim prisustvom uveli\u010dali i sve\u010danu sjednicu Gradskog vije\u0107a uz brojne druge uzvanike.<\/p>\n<p>Na samom po\u010detku sve\u010danog obilje\u017eavanja Dana Grada u hotelu Resnik, Himnu je otpjevala ka\u0161telanska uspje\u0161na i vi\u0161estruko nagra\u0111ivana\u00a0sopranistica Antonija Teskera. Okupljenim delegacijama op\u0107ina, gradova i gradova prijatelja, predstavnicima raznih institucija i udru\u017eenja, braniteljskih udruga, vjerskih zajednica, predstavnika vojske, policije i vatrogasaca, prvo se pozdravnim govorom obratio predsjednik Gradskog vije\u0107a, Denis Ivanovi\u0107, a zatim i gradona\u010delnik Ivan Udovi\u010di\u0107. Gradona\u010delnik se osvrnuo na najzna\u010dajnije aktivnosti Gradske uprave u protekloj godini, istaknuv\u0161i planirane i realizirane projekte, i projekte u tijeku od krucijalne va\u017enosti (vodoopskrba i kanalizacija), te se ovim povodom zahvalio i svim sugra\u0111anima koji pridonose razvoju i boljitku Grada u sveop\u0107u korist cjelokupne zajednice.<\/p>\n<p>Tradicionalnim pozdravima predstavnika gradova prijatelja, pridru\u017eili su se i zamjenik \u017eupana Ante \u0160o\u0161i\u0107, i predsjednik Gradskog vije\u0107a grada Splita Boris \u0106urkovi\u0107, \u010demu je prethodio i humoristi\u010dni igrokaz djece iz DV Tratin\u010dica sa izvedbom to\u010dke \u201eSjedinjene ka\u0161telanske dr\u017eave\u201c. Tako\u0111er, program su gitaristi\u010dkom skladbom\u00a0Leonharda von Kalla: Andante et Menuet. upotpunili i vi\u0161estruki dr\u017eavni prvaci u triu i duu -Filip Mi\u0161kovi\u0107, Josip Krokar i Jana Mati\u0107 koji sate poha\u0111aju u Glazbenoj \u0161koli Josipa Hatzea, odjel u Ka\u0161telima.<\/p>\n<p>Javna priznanja su dobitnicima uru\u010dili gradona\u010delnik i predsjednik vije\u0107a za skupne i osobne nagrade, te nagradu za \u017eivotno djelo koja je pripala Anti Dadi\u0107u (posthumno) i don Bo\u017ei Renji\u0107u koji se u ime svih dobitnika i zahvalio prigodnim govorom.<\/p>\n<p><span style=\"color: #ff0000;\"><strong><a href=\"http:\/\/www.kastela.hr\/novosti\/javna-priznanja-grada-kastela-za-2014-godinu\"><span style=\"color: #ff0000;\">Nagrade Grada Ka\u0161tela za 2014. godinu.<\/span><\/a><\/strong><\/span><\/p>\n<p>Na samom kraju sve\u010danosti, Nedo Kova\u010dev otpjevao je i himnu Grada \u201eKa\u0161tela grade moj\u201c, uz klavirsku pratnju Ton\u010da Tranfi\u0107a, \u010dime se ozna\u010dio i zavr\u0161etak sve\u010dane sjednice Gradskog vije\u0107a za 2015. godinu.<\/p>\n<p>[vimeo]https:\/\/vimeo.com\/121333676 [\/vimeo]<\/p>\n<p>&#8212;&#8212;&#8212;&#8212;&#8212;&#8212;&#8212;&#8212;&#8212;&#8212;&#8212;&#8212;&#8212;&#8212;&#8212;&#8212;&#8212;&#8212;&#8212;&#8212;&#8212;&#8212;&#8212;&#8212;&#8212;&#8212;&#8212;&#8212;&#8212;&#8212;&#8212;&#8212;&#8212;&#8212;&#8212;&#8212;&#8212;&#8212;&#8212;&#8212;&#8212;&#8212;&#8212;&#8212;&#8212;&#8212;&#8211;<\/p>\n<p>Foto: Ante Maji\u0107<\/p>\n<p><a href=\"https:\/\/kastela.hr\/en\/wp-content\/uploads\/2024\/08\/Dan-Grada-15-2.jpg\"><img loading=\"lazy\" decoding=\"async\" class=\"alignleft size-thumbnail wp-image-25794\" alt=\"Dan Grada 15-2\" src=\"https:\/\/kastela.hr\/en\/wp-content\/uploads\/2024\/08\/Dan-Grada-15-2.jpg\" width=\"150\" height=\"120\" \/><\/a> <a href=\"https:\/\/kastela.hr\/en\/wp-content\/uploads\/2024\/08\/Dan-Grada-15-3.jpg\"><img loading=\"lazy\" decoding=\"async\" class=\"alignleft size-thumbnail wp-image-25795\" alt=\"Dan Grada 15-3\" src=\"https:\/\/kastela.hr\/en\/wp-content\/uploads\/2024\/08\/Dan-Grada-15-3.jpg\" width=\"150\" height=\"120\" \/><\/a> <a href=\"https:\/\/kastela.hr\/en\/wp-content\/uploads\/2024\/08\/Dan-grada-15-4.jpg\"><img loading=\"lazy\" decoding=\"async\" class=\"alignleft size-thumbnail wp-image-25796\" alt=\"Dan grada 15-4\" src=\"https:\/\/kastela.hr\/en\/wp-content\/uploads\/2024\/08\/Dan-grada-15-4.jpg\" width=\"150\" height=\"120\" \/><\/a> <a href=\"https:\/\/kastela.hr\/en\/wp-content\/uploads\/2024\/08\/Dan-Grada-15-5.jpg\"><img loading=\"lazy\" decoding=\"async\" class=\"alignleft size-thumbnail wp-image-25797\" alt=\"Dan Grada 15-5\" src=\"https:\/\/kastela.hr\/en\/wp-content\/uploads\/2024\/08\/Dan-Grada-15-5.jpg\" width=\"150\" height=\"120\" \/><\/a> <a href=\"https:\/\/kastela.hr\/en\/wp-content\/uploads\/2024\/08\/Dan-Graad-15-13.jpg\"><img loading=\"lazy\" decoding=\"async\" class=\"alignleft size-thumbnail wp-image-25793\" alt=\"Dan Graad 15-13\" src=\"https:\/\/kastela.hr\/en\/wp-content\/uploads\/2024\/08\/Dan-Graad-15-13.jpg\" width=\"150\" height=\"120\" \/><\/a> <a href=\"https:\/\/kastela.hr\/en\/wp-content\/uploads\/2024\/08\/Dan-Grada-15-6.jpg\"><img loading=\"lazy\" decoding=\"async\" class=\"alignleft size-thumbnail wp-image-25798\" alt=\"Dan Grada 15-6\" src=\"https:\/\/kastela.hr\/en\/wp-content\/uploads\/2024\/08\/Dan-Grada-15-6.jpg\" width=\"150\" height=\"120\" \/><\/a> <a href=\"https:\/\/kastela.hr\/en\/wp-content\/uploads\/2024\/08\/Dan-Grada-15-7.jpg\"><img loading=\"lazy\" decoding=\"async\" class=\"alignleft size-thumbnail wp-image-25799\" alt=\"Dan Grada 15-7\" src=\"https:\/\/kastela.hr\/en\/wp-content\/uploads\/2024\/08\/Dan-Grada-15-7.jpg\" width=\"150\" height=\"120\" \/><\/a> <a href=\"https:\/\/kastela.hr\/en\/wp-content\/uploads\/2024\/08\/Dan-Graad-15-11.jpg\"><img loading=\"lazy\" decoding=\"async\" class=\"alignleft size-thumbnail wp-image-25792\" alt=\"Dan Graad 15-11\" src=\"https:\/\/kastela.hr\/en\/wp-content\/uploads\/2024\/08\/Dan-Graad-15-11.jpg\" width=\"150\" height=\"120\" \/><\/a> <a href=\"https:\/\/kastela.hr\/en\/wp-content\/uploads\/2024\/08\/Dan-Grada-15-8.jpg\"><img loading=\"lazy\" decoding=\"async\" class=\"alignleft size-thumbnail wp-image-25800\" alt=\"Dan Grada 15-8\" src=\"https:\/\/kastela.hr\/en\/wp-content\/uploads\/2024\/08\/Dan-Grada-15-8.jpg\" width=\"150\" height=\"120\" \/><\/a> <a href=\"https:\/\/kastela.hr\/en\/wp-content\/uploads\/2024\/08\/Dan-Grada-15-9.jpg\"><img loading=\"lazy\" decoding=\"async\" class=\"alignleft size-thumbnail wp-image-25801\" alt=\"Dan Grada 15-9\" src=\"https:\/\/kastela.hr\/en\/wp-content\/uploads\/2024\/08\/Dan-Grada-15-9.jpg\" width=\"150\" height=\"120\" \/><\/a> <a href=\"https:\/\/kastela.hr\/en\/wp-content\/uploads\/2024\/08\/Dan-Grada-15-10.jpg\"><img loading=\"lazy\" decoding=\"async\" class=\"alignleft size-thumbnail wp-image-25802\" alt=\"Dan Grada 15-10\" src=\"https:\/\/kastela.hr\/en\/wp-content\/uploads\/2024\/08\/Dan-Grada-15-10.jpg\" width=\"150\" height=\"120\" \/><\/a> <a href=\"https:\/\/kastela.hr\/en\/wp-content\/uploads\/2024\/08\/Dan-Grada-15-12.jpg\"><img loading=\"lazy\" decoding=\"async\" class=\"alignleft size-thumbnail wp-image-25803\" alt=\"Dan Grada 15-12\" src=\"https:\/\/kastela.hr\/en\/wp-content\/uploads\/2024\/08\/Dan-Grada-15-12.jpg\" width=\"150\" height=\"120\" \/><\/a> <a href=\"https:\/\/kastela.hr\/en\/wp-content\/uploads\/2024\/08\/Dan-Grada-15-14.jpg\"><img loading=\"lazy\" decoding=\"async\" class=\"alignleft size-thumbnail wp-image-25804\" alt=\"Dan Grada 15-14\" src=\"https:\/\/kastela.hr\/en\/wp-content\/uploads\/2024\/08\/Dan-Grada-15-14.jpg\" width=\"150\" height=\"120\" \/><\/a> <a href=\"https:\/\/kastela.hr\/en\/wp-content\/uploads\/2024\/08\/Dan-Grada-15-17.jpg\"><img loading=\"lazy\" decoding=\"async\" class=\"alignleft size-thumbnail wp-image-25806\" alt=\"Dan Grada 15-17\" src=\"https:\/\/kastela.hr\/en\/wp-content\/uploads\/2024\/08\/Dan-Grada-15-17.jpg\" width=\"150\" height=\"120\" \/><\/a> <a href=\"https:\/\/kastela.hr\/en\/wp-content\/uploads\/2024\/08\/Dan-Grada-15-16.jpg\"><img loading=\"lazy\" decoding=\"async\" class=\"alignleft size-thumbnail wp-image-25805\" alt=\"Dan Grada 15-16\" src=\"https:\/\/kastela.hr\/en\/wp-content\/uploads\/2024\/08\/Dan-Grada-15-16.jpg\" width=\"150\" height=\"120\" \/><\/a> <a href=\"https:\/\/kastela.hr\/en\/wp-content\/uploads\/2024\/08\/Dan-grada-2015.jpg\"><img loading=\"lazy\" decoding=\"async\" class=\"alignleft size-thumbnail wp-image-25808\" alt=\"Dan grada 2015.\" src=\"https:\/\/kastela.hr\/en\/wp-content\/uploads\/2024\/08\/Dan-grada-2015.jpg\" width=\"150\" height=\"120\" \/><\/a> <a href=\"https:\/\/kastela.hr\/en\/wp-content\/uploads\/2024\/08\/Dan-Grada-15-18.jpg\"><img loading=\"lazy\" decoding=\"async\" class=\"alignleft size-thumbnail wp-image-25807\" alt=\"Dan Grada 15-18\" src=\"https:\/\/kastela.hr\/en\/wp-content\/uploads\/2024\/08\/Dan-Grada-15-18.jpg\" width=\"150\" height=\"120\" \/><\/a><\/p>\n<p>\u00a0<\/p>\n<p>\u00a0<\/p>\n<p>\u00a0<\/p>\n<p>\u00a0<\/p>\n<p>\u00a0<\/p>\n<p>\u00a0<\/p>\n<p>\u00a0<\/p>\n<p>\u00a0<\/p>\n<p>\u00a0<\/p>\n<p>\u00a0<\/p>\n<p>\u00a0<\/p>\n<p>\u00a0<\/p>\n<p>\u00a0<\/p>\n<p>\u00a0<\/p>\n<p>\u00a0<\/p>\n<p>\u00a0<\/p>\n<p>\u00a0<\/p>\n<p>\u00a0<\/p>\n<p>\u00a0<\/p>\n<p>\u00a0<\/p>\n<p>\u00a0<\/p>\n<p>\u00a0<\/p>\n<p>\u00a0<\/p>\n<p>\u00a0<\/p>\n<p>\u00a0<\/p>\n<p>\u00a0<\/p>\n<p>\u00a0<\/p>\n<p>\u00a0<\/p>\n<p>\u00a0<\/p>\n","protected":false},"excerpt":{"rendered":"<p>Sve\u010dano obilje\u017eavanje Dana Grada Ka\u0161tela 2015. godine zapo\u010delo je polaganjem vijenaca pred spomenikom prvog hrvatskog predsjednika dr. Franje Tu\u0111mana u [&hellip;]<\/p>\n","protected":false},"author":7,"featured_media":6344,"comment_status":"closed","ping_status":"open","sticky":false,"template":"","format":"standard","meta":{"_acf_changed":false,"footnotes":""},"categories":[1],"tags":[],"class_list":["post-6343","post","type-post","status-publish","format-standard","has-post-thumbnail","hentry","category-novosti"],"acf":[],"_links":{"self":[{"href":"https:\/\/kastela.hr\/en\/wp-json\/wp\/v2\/posts\/6343","targetHints":{"allow":["GET"]}}],"collection":[{"href":"https:\/\/kastela.hr\/en\/wp-json\/wp\/v2\/posts"}],"about":[{"href":"https:\/\/kastela.hr\/en\/wp-json\/wp\/v2\/types\/post"}],"author":[{"embeddable":true,"href":"https:\/\/kastela.hr\/en\/wp-json\/wp\/v2\/users\/7"}],"replies":[{"embeddable":true,"href":"https:\/\/kastela.hr\/en\/wp-json\/wp\/v2\/comments?post=6343"}],"version-history":[{"count":3,"href":"https:\/\/kastela.hr\/en\/wp-json\/wp\/v2\/posts\/6343\/revisions"}],"predecessor-version":[{"id":8490,"href":"https:\/\/kastela.hr\/en\/wp-json\/wp\/v2\/posts\/6343\/revisions\/8490"}],"wp:featuredmedia":[{"embeddable":true,"href":"https:\/\/kastela.hr\/en\/wp-json\/wp\/v2\/media\/6344"}],"wp:attachment":[{"href":"https:\/\/kastela.hr\/en\/wp-json\/wp\/v2\/media?parent=6343"}],"wp:term":[{"taxonomy":"category","embeddable":true,"href":"https:\/\/kastela.hr\/en\/wp-json\/wp\/v2\/categories?post=6343"},{"taxonomy":"post_tag","embeddable":true,"href":"https:\/\/kastela.hr\/en\/wp-json\/wp\/v2\/tags?post=6343"}],"curies":[{"name":"wp","href":"https:\/\/api.w.org\/{rel}","templated":true}]}}