{"id":6342,"date":"2015-03-30T06:31:14","date_gmt":"2015-03-30T04:31:14","guid":{"rendered":"https:\/\/kastela.hr\/en\/2015\/03\/30\/kronika-grada-kastela-12\/"},"modified":"2024-08-29T10:48:24","modified_gmt":"2024-08-29T08:48:24","slug":"kronika-grada-kastela-12","status":"publish","type":"post","link":"https:\/\/kastela.hr\/en\/2015\/03\/30\/kronika-grada-kastela-12\/","title":{"rendered":"Kronika Grada Ka\u0161tela"},"content":{"rendered":"<p><a href=\"http:\/\/www.kastela.hr\/wp-content\/uploads\/2014\/06\/KA\u0160TELA-GLAVA-KAL.jpg\"><img loading=\"lazy\" decoding=\"async\" class=\"alignleft size-thumbnail wp-image-19892\" alt=\"KA\u0160TELA GLAVA KAL\" src=\"https:\/\/kastela.hr\/en\/wp-content\/uploads\/2024\/08\/KASTELA-GLAVA-KAL-150x120-1.jpg\" width=\"150\" height=\"120\" \/><\/a>U ovotjednoj Kronici Grada Ka\u0161tela mo\u017eete pogledati priloge o obavljenoj rezidbi Stare masline, i uru\u010divanja priznanja Gradu (Zlatne amfore) za doprinos razvoja i o\u010duvanja maslinarske tradicije u Ka\u0161telima na No\u0107njaku 2015. &#8211; me\u0111unarodnoj manifestaciji maslinara. Tako\u0111er, popra\u0107eno je i dr\u017eavno prvenstvo osnovnih \u0161kola u Judu koje se pro\u0161li tjedan odr\u017eavalo u \u0161portskoj dvorani K. Su\u0107urca pod organizacijom Hrvatskog \u0161kolskog sportskog saveza, a putem emisije pozivaju se zainteresirani gra\u0111ani da prisustvuju Kri\u017enom putu Grada Ka\u0161tela na veliku srijedu, koji \u0107e pro\u0107i kroz svih osam ka\u0161telanskih \u017eupa, po\u010dev\u0161i od \u017eupne crkve Kraljice Mu\u010denika na Radunu od 18:30 sati.<\/p>\n<p><span style=\"text-decoration: underline;\">Emisiju mo\u017eete pogledati na prilo\u017eenom videu:<\/span><\/p>\n<p>\u00a0<\/p>\n<p>[vimeo]https:\/\/vimeo.com\/123412826 [\/vimeo]<\/p>\n<p>\u00a0<\/p>\n<p>\u00a0<\/p>\n","protected":false},"excerpt":{"rendered":"<p>U ovotjednoj Kronici Grada Ka\u0161tela mo\u017eete pogledati priloge o obavljenoj rezidbi Stare masline, i uru\u010divanja priznanja Gradu (Zlatne amfore) za [&hellip;]<\/p>\n","protected":false},"author":7,"featured_media":6273,"comment_status":"closed","ping_status":"open","sticky":false,"template":"","format":"standard","meta":{"_acf_changed":false,"footnotes":""},"categories":[1],"tags":[],"class_list":["post-6342","post","type-post","status-publish","format-standard","has-post-thumbnail","hentry","category-novosti"],"acf":[],"_links":{"self":[{"href":"https:\/\/kastela.hr\/en\/wp-json\/wp\/v2\/posts\/6342","targetHints":{"allow":["GET"]}}],"collection":[{"href":"https:\/\/kastela.hr\/en\/wp-json\/wp\/v2\/posts"}],"about":[{"href":"https:\/\/kastela.hr\/en\/wp-json\/wp\/v2\/types\/post"}],"author":[{"embeddable":true,"href":"https:\/\/kastela.hr\/en\/wp-json\/wp\/v2\/users\/7"}],"replies":[{"embeddable":true,"href":"https:\/\/kastela.hr\/en\/wp-json\/wp\/v2\/comments?post=6342"}],"version-history":[{"count":3,"href":"https:\/\/kastela.hr\/en\/wp-json\/wp\/v2\/posts\/6342\/revisions"}],"predecessor-version":[{"id":8489,"href":"https:\/\/kastela.hr\/en\/wp-json\/wp\/v2\/posts\/6342\/revisions\/8489"}],"wp:featuredmedia":[{"embeddable":true,"href":"https:\/\/kastela.hr\/en\/wp-json\/wp\/v2\/media\/6273"}],"wp:attachment":[{"href":"https:\/\/kastela.hr\/en\/wp-json\/wp\/v2\/media?parent=6342"}],"wp:term":[{"taxonomy":"category","embeddable":true,"href":"https:\/\/kastela.hr\/en\/wp-json\/wp\/v2\/categories?post=6342"},{"taxonomy":"post_tag","embeddable":true,"href":"https:\/\/kastela.hr\/en\/wp-json\/wp\/v2\/tags?post=6342"}],"curies":[{"name":"wp","href":"https:\/\/api.w.org\/{rel}","templated":true}]}}