{"id":6341,"date":"2015-04-01T10:33:24","date_gmt":"2015-04-01T08:33:24","guid":{"rendered":"https:\/\/kastela.hr\/en\/2015\/04\/01\/izvjesce-o-radu-savjeta-mladih-za-2014-g-2\/"},"modified":"2024-08-29T10:48:24","modified_gmt":"2024-08-29T08:48:24","slug":"izvjesce-o-radu-savjeta-mladih-za-2014-g-2","status":"publish","type":"post","link":"https:\/\/kastela.hr\/en\/2015\/04\/01\/izvjesce-o-radu-savjeta-mladih-za-2014-g-2\/","title":{"rendered":"Izvje\u0161\u0107e o radu Savjeta mladih za 2014. g."},"content":{"rendered":"<p><a href=\"https:\/\/kastela.hr\/en\/wp-content\/uploads\/2024\/08\/GRB-GRADA-KASTELA1-6.jpg\"><img loading=\"lazy\" decoding=\"async\" class=\"alignleft size-full wp-image-20606\" alt=\"GRB GRADA KASTELA\" src=\"https:\/\/kastela.hr\/en\/wp-content\/uploads\/2024\/08\/GRB-GRADA-KASTELA1-6.jpg\" width=\"93\" height=\"100\" \/><\/a>Na temelju \u010dlanka 19. stavak 6. Zakona o savjetima mladih ( &#8220;Narodne novine&#8221; broj 41\/14) i \u010dlanka\u00a023. stavak 4. Odluke o osnivanju Savjeta mladih Grada Ka\u0161tela\u00a0 (&#8220;Slu\u017ebeni glasnik Grada Ka\u0161tela&#8221; broj\u00a0 10\/14) Gradona\u010delnik Grada Ka\u0161tela objavljuje <b>Izvje\u0161\u0107e o radu Savjeta mladih Grada Ka\u0161tela za 2014. godinu.<\/b><\/p>\n<p><strong><a href=\"http:\/\/www.kastela.hr\/wp-content\/uploads\/2015\/04\/Izvjesce-o-radu-Savjeta-mladih_za-2014-.pdf\">Izvje\u0161\u0107e o radu Savjeta mladih za 2014. godinu<\/a><\/strong><\/p>\n<p>\u00a0<\/p>\n","protected":false},"excerpt":{"rendered":"<p>Na temelju \u010dlanka 19. stavak 6. Zakona o savjetima mladih ( &#8220;Narodne novine&#8221; broj 41\/14) i \u010dlanka\u00a023. stavak 4. Odluke [&hellip;]<\/p>\n","protected":false},"author":7,"featured_media":6243,"comment_status":"closed","ping_status":"open","sticky":false,"template":"","format":"standard","meta":{"_acf_changed":false,"footnotes":""},"categories":[1],"tags":[],"class_list":["post-6341","post","type-post","status-publish","format-standard","has-post-thumbnail","hentry","category-novosti"],"acf":[],"_links":{"self":[{"href":"https:\/\/kastela.hr\/en\/wp-json\/wp\/v2\/posts\/6341","targetHints":{"allow":["GET"]}}],"collection":[{"href":"https:\/\/kastela.hr\/en\/wp-json\/wp\/v2\/posts"}],"about":[{"href":"https:\/\/kastela.hr\/en\/wp-json\/wp\/v2\/types\/post"}],"author":[{"embeddable":true,"href":"https:\/\/kastela.hr\/en\/wp-json\/wp\/v2\/users\/7"}],"replies":[{"embeddable":true,"href":"https:\/\/kastela.hr\/en\/wp-json\/wp\/v2\/comments?post=6341"}],"version-history":[{"count":3,"href":"https:\/\/kastela.hr\/en\/wp-json\/wp\/v2\/posts\/6341\/revisions"}],"predecessor-version":[{"id":8488,"href":"https:\/\/kastela.hr\/en\/wp-json\/wp\/v2\/posts\/6341\/revisions\/8488"}],"wp:featuredmedia":[{"embeddable":true,"href":"https:\/\/kastela.hr\/en\/wp-json\/wp\/v2\/media\/6243"}],"wp:attachment":[{"href":"https:\/\/kastela.hr\/en\/wp-json\/wp\/v2\/media?parent=6341"}],"wp:term":[{"taxonomy":"category","embeddable":true,"href":"https:\/\/kastela.hr\/en\/wp-json\/wp\/v2\/categories?post=6341"},{"taxonomy":"post_tag","embeddable":true,"href":"https:\/\/kastela.hr\/en\/wp-json\/wp\/v2\/tags?post=6341"}],"curies":[{"name":"wp","href":"https:\/\/api.w.org\/{rel}","templated":true}]}}