{"id":6340,"date":"2015-04-07T05:32:03","date_gmt":"2015-04-07T03:32:03","guid":{"rendered":"https:\/\/kastela.hr\/en\/2015\/04\/07\/sazvana-14-sjednica-gradskog-vijeca-3\/"},"modified":"2024-08-29T10:48:24","modified_gmt":"2024-08-29T08:48:24","slug":"sazvana-14-sjednica-gradskog-vijeca-3","status":"publish","type":"post","link":"https:\/\/kastela.hr\/en\/2015\/04\/07\/sazvana-14-sjednica-gradskog-vijeca-3\/","title":{"rendered":"Sazvana 14. sjednica Gradskog vije\u0107a"},"content":{"rendered":"<p><a href=\"https:\/\/kastela.hr\/en\/wp-content\/uploads\/2024\/08\/GRB-GRADA-KASTELA1-6.jpg\"><img loading=\"lazy\" decoding=\"async\" class=\"alignleft size-full wp-image-20606\" src=\"https:\/\/kastela.hr\/en\/wp-content\/uploads\/2024\/08\/GRB-GRADA-KASTELA1-6.jpg\" alt=\"GRB GRADA KASTELA\" width=\"93\" height=\"100\" \/><\/a>Nova sjednica Gradskog vije\u0107a Grada Ka\u0161tela, 14. po redu, sazvana je za 8. travnja, (srijeda) 2015.g. u 12:00 sati u Gradskoj vije\u0107nici.<\/p>\n<p><strong>Dnevni red sadr\u017eava 18. to\u010daka.<\/strong><\/p>\n<p>\u00a0<\/p>\n<p>\u00a0<\/p>\n<p>D n e v n i \u00a0r e d:<\/p>\n<ol>\n<li>Usvajanje Zapisnika sa 13. sjednice Gradskog vije\u0107a<\/li>\n<li>Vije\u0107ni\u010dka pitanja i prijedlozi<\/li>\n<li><a href=\"http:\/\/www.kastela.hr\/wp-content\/uploads\/2015\/04\/T-3-14..pdf\">Prijedlog odluke o uskla\u0111enju Procjene ugro\u017eenosti stanovni\u0161tva, materijalnih i kulturnih dobara i okoli\u0161a od katastrofa i velikih nesre\u0107a za Grad Ka\u0161tela- Uskla\u0111enje 1- 14.<\/a><br \/>\n&#8211;\u00a0<a href=\"http:\/\/www.kastela.hr\/wp-content\/uploads\/2015\/04\/procjena-ugro\u017eenosti-stanovni\u0161tva-materijalnih-i-kulturnih-dobara-i-okoli\u0161a.pdf\">Procjena ugro\u017eenosti stanovni\u0161tva, materijalnih i kulturnih dobara i okoli\u0161a<\/a><br \/>\n&#8211; <a href=\"http:\/\/www.kastela.hr\/wp-content\/uploads\/2015\/04\/prilog-A.pdf\">Prilog A<\/a><br \/>\n&#8211;\u00a0<a href=\"http:\/\/www.kastela.hr\/wp-content\/uploads\/2015\/04\/Prilog-B.pdf\">Prilog B<\/a><\/li>\n<li><a href=\"http:\/\/www.kastela.hr\/wp-content\/uploads\/2015\/04\/T-4-14..pdf\">Prijedlog zaklju\u010dka o prihva\u0107anju Financijskog izvje\u0161\u0107a Zajednice \u0161portskih udruga Ka\u0161tela za 2014.godinu.<\/a><\/li>\n<li><a href=\"http:\/\/www.kastela.hr\/wp-content\/uploads\/2015\/04\/T-5-14..pdf\">Prijedlog zaklju\u010dka o usvajanju Detaljnog plana raspodjele financijskih sredstava unutar Programa javnih potreba u \u0161portu\u00a0 za 2015. godinu<\/a><\/li>\n<li><a href=\"http:\/\/www.kastela.hr\/wp-content\/uploads\/2015\/04\/To\u010dka-6-14.pdf\">Prijedlog odluke o izmjeni Odluke o naknadama \u010dlanova upravnih vije\u0107a ustanova Grada Ka\u0161tela<\/a><\/li>\n<li><a href=\"http:\/\/www.kastela.hr\/wp-content\/uploads\/2015\/04\/T-7-14.pdf\">Prijedlog zaklju\u010dka o odricanju prava prvokupa kulturnog dobra, kat. \u010dest. zgr. 110\/3 ZU K. Gomilica<\/a><\/li>\n<li><a href=\"http:\/\/www.kastela.hr\/wp-content\/uploads\/2015\/04\/T-8-14.pdf\">Plan mre\u017ee dje\u010djih vrti\u0107a na podru\u010dju Grada Ka\u0161tela za pedago\u0161ku godinu za 2015. \/2016.<\/a><\/li>\n<li><a href=\"http:\/\/www.kastela.hr\/wp-content\/uploads\/2015\/04\/T-9-14..pdf\">Prijedlog odluke o izmjeni Odluke o osnivanju Zapovjedni\u0161tva civilne za\u0161tite Grada Ka\u0161tela<\/a><br \/>\nIzvjestiteljica t.3. &#8211; t. 9.: Sandra Zoki\u0107, pro\u010delnica Upravnog odjela za dru\u0161tvene djelatnosti i op\u0107e poslove podru\u010dju grada Ka\u0161tela<\/li>\n<li><a href=\"http:\/\/www.kastela.hr\/wp-content\/uploads\/2015\/04\/T-10-14..pdf\">Prijedlog odluke o povjeravanju komunalnih poslova opskrbe elektri\u010dnom energijom za javnu rasvjetu na podru\u010dju Grada Ka\u0161tela<\/a><\/li>\n<li><a href=\"http:\/\/www.kastela.hr\/wp-content\/uploads\/2015\/04\/T-11-14..pdf\">Prijedlog\u00a0odluke o pristupanju u lokalnu akcijsku grupu&#8221; Kamen i more&#8221; <\/a><\/li>\n<li><a href=\"http:\/\/www.kastela.hr\/wp-content\/uploads\/2015\/04\/T-12-14..pdf\">Prijedlog odluke o stavljanju izvan snage Odluke o sudjelovanju u osnivanju lokalne akcijske grupe &#8220;Jadro&#8221;<\/a><br \/>\nIzvjestitelj t. 10. &#8211; t. 12.: Mili Novak, zamjenik gradona\u010delnika<\/li>\n<li><a href=\"http:\/\/www.kastela.hr\/wp-content\/uploads\/2015\/04\/Ispravna-to\u010dka-13-.pdf\">Izvje\u0161\u0107e o izvr\u0161enju programa gradnje objekata i ure\u0111aja komunalne infrastrukture u Gradu Ka\u0161tela za 2014.g.<\/a><\/li>\n<li><a href=\"http:\/\/www.kastela.hr\/wp-content\/uploads\/2015\/04\/T-14-14..pdf\">Izvje\u0161\u0107e o izvr\u0161enju Programa odr\u017eavanja komunalne infrastrukture Grada Ka\u0161tela za 2014. godinu<\/a><\/li>\n<li><a href=\"http:\/\/www.kastela.hr\/wp-content\/uploads\/2015\/04\/t-15-14..pdf\">Prijedlog izmjena i dopuna Programa gradnje objekata\u00a0 i ure\u0111aja komunalne infrastrukture u Gradu Ka\u0161tela za 2015. godinu<\/a><br \/>\nIzvjestitelj t.13. &#8211; t.15. : Antonio Bartulovi\u0107, privremeni pro\u010delnik Upravnog odjela za komunalno gospodarstvo i imovinsko &#8211; pravne poslove<\/li>\n<li><a href=\"http:\/\/www.kastela.hr\/wp-content\/uploads\/2015\/04\/T-16.-14..pdf\">Godi\u0161nji izvje\u0161taj o izvr\u0161enju Prora\u010duna Grada Ka\u0161tela za 2014. godinu<br \/>\nIzvjestiteljica: Marija Matija \u0110iki\u0107, pro\u010delnica Upravnog odjela za financije, prora\u010dun i javnu nabavu<\/a><\/li>\n<li><a href=\"http:\/\/www.kastela.hr\/wp-content\/uploads\/2015\/04\/T-17-14..pdf\">Izvje\u0161\u0107e Gradona\u010delnika o radu za razdoblje srpanj-prosinac 2014. godine<\/a><br \/>\nIzvjestitelj: Ivan Udovi\u010di\u0107, Gradona\u010delnik<\/li>\n<li><a href=\"http:\/\/www.kastela.hr\/wp-content\/uploads\/2015\/04\/t-18-14.pdf\">Izvje\u0161\u0107e o radu Savjeta mladih Grada Ka\u0161tela za 2014.godinu<\/a><br \/>\nIzvjestitelj: Ivan \u010culi\u0107, \u010dlan Savjeta mladih<\/li>\n<\/ol>\n<p>Predsjednik Gradskog vije\u0107a<br \/>\nDenis Ivanovi\u0107, dipl. ing. v. r.<\/p>\n","protected":false},"excerpt":{"rendered":"<p>Nova sjednica Gradskog vije\u0107a Grada Ka\u0161tela, 14. po redu, sazvana je za 8. travnja, (srijeda) 2015.g. u 12:00 sati u [&hellip;]<\/p>\n","protected":false},"author":7,"featured_media":6243,"comment_status":"closed","ping_status":"open","sticky":false,"template":"","format":"standard","meta":{"_acf_changed":false,"footnotes":""},"categories":[1],"tags":[],"class_list":["post-6340","post","type-post","status-publish","format-standard","has-post-thumbnail","hentry","category-novosti"],"acf":[],"_links":{"self":[{"href":"https:\/\/kastela.hr\/en\/wp-json\/wp\/v2\/posts\/6340","targetHints":{"allow":["GET"]}}],"collection":[{"href":"https:\/\/kastela.hr\/en\/wp-json\/wp\/v2\/posts"}],"about":[{"href":"https:\/\/kastela.hr\/en\/wp-json\/wp\/v2\/types\/post"}],"author":[{"embeddable":true,"href":"https:\/\/kastela.hr\/en\/wp-json\/wp\/v2\/users\/7"}],"replies":[{"embeddable":true,"href":"https:\/\/kastela.hr\/en\/wp-json\/wp\/v2\/comments?post=6340"}],"version-history":[{"count":3,"href":"https:\/\/kastela.hr\/en\/wp-json\/wp\/v2\/posts\/6340\/revisions"}],"predecessor-version":[{"id":8487,"href":"https:\/\/kastela.hr\/en\/wp-json\/wp\/v2\/posts\/6340\/revisions\/8487"}],"wp:featuredmedia":[{"embeddable":true,"href":"https:\/\/kastela.hr\/en\/wp-json\/wp\/v2\/media\/6243"}],"wp:attachment":[{"href":"https:\/\/kastela.hr\/en\/wp-json\/wp\/v2\/media?parent=6340"}],"wp:term":[{"taxonomy":"category","embeddable":true,"href":"https:\/\/kastela.hr\/en\/wp-json\/wp\/v2\/categories?post=6340"},{"taxonomy":"post_tag","embeddable":true,"href":"https:\/\/kastela.hr\/en\/wp-json\/wp\/v2\/tags?post=6340"}],"curies":[{"name":"wp","href":"https:\/\/api.w.org\/{rel}","templated":true}]}}