{"id":6339,"date":"2015-04-09T09:28:32","date_gmt":"2015-04-09T07:28:32","guid":{"rendered":"https:\/\/kastela.hr\/en\/2015\/04\/09\/odrzana-14-sjednica-gradskog-vijeca-2\/"},"modified":"2024-08-29T10:48:24","modified_gmt":"2024-08-29T08:48:24","slug":"odrzana-14-sjednica-gradskog-vijeca-2","status":"publish","type":"post","link":"https:\/\/kastela.hr\/en\/2015\/04\/09\/odrzana-14-sjednica-gradskog-vijeca-2\/","title":{"rendered":"Odr\u017eana 14. sjednica Gradskog vije\u0107a"},"content":{"rendered":"<p><a href=\"https:\/\/kastela.hr\/en\/wp-content\/uploads\/2024\/08\/GRB-GRADA-KASTELA1-6.jpg\"><img loading=\"lazy\" decoding=\"async\" class=\"alignleft size-full wp-image-20606\" src=\"https:\/\/kastela.hr\/en\/wp-content\/uploads\/2024\/08\/GRB-GRADA-KASTELA1-6.jpg\" alt=\"GRB GRADA KASTELA\" width=\"93\" height=\"100\" \/><\/a>Sjednica Gradskog vije\u0107a 14. po redu odr\u017eana je 8. travnja 2015.g.<\/p>\n<p>Na 14. sjednici Gradskog vije\u0107a Grada Ka\u0161tela prihva\u0107eno je financijsko izvje\u0161\u0107e Zajednice \u0161portskih udruga Ka\u0161tela za 2014.g. kao i Plan raspodjele financijskih sredstava unutar programa javnih potreba u sportu za 2015. bez stavke prijevoza. Naknade za prijevoz biti \u0107e raspodijeljene iz financijskih sredstava prema potrebama.<br \/>\nJednoglasno je usvojen i prijedlog odluke o odricanju Grada na pravo prvokupa kulturnog dobra, kat. \u010dest. u K. Gomilici. Usvojen je\u00a0i prijedlog o povjeravanju poslova opskrbe elektri\u010dnom energijom za javnu rasvjetu u Ka\u0161telima, Hrvatskoj elektroprivredi.<br \/>\nOdluka o ukidanju samostalne Lokalne akcijske grupe (LAG-a) \u201eJadro\u201c i pristupanja LAG-u \u201eKamen i more\u201c tako\u0111er je usvojena u svrhu bolje povezanosti i cjelovitosti zbog lak\u0161eg pristupa sredstvima iz EU za razvojne projekte koji su pripremljeni i za one koji su u pripremi. Ve\u0107inom glasova pro\u0161ao je i godi\u0161nji izvje\u0161taj o izvr\u0161enju Prora\u010duna za 2014.g., izvje\u0161\u0107e gradona\u010delnika o radu za razdoblje srpanj-prosinac 2014.g. kao i Izvje\u0161\u0107e o radu Savjeta mladih za 2014.g.<br \/>\nTako\u0111er, na prijedlog vije\u0107nika Ivana Kova\u010da vije\u0107nici su se usuglasili da dobrovoljno uplate jednu mjese\u010dnu naknadu koju primaju za rad u Gradskom vije\u0107u na ra\u010dun Imunolo\u0161kog zavoda u Zagrebu .<\/p>\n<p>14. sjednicu Gradskog vije\u0107a Grada Ka\u0161tela mo\u017eete pogledati na prilo\u017eenim video-snimkama:<\/p>\n<p>[vimeo]https:\/\/vimeo.com\/124494225 [\/vimeo]<\/p>\n<p>\u00a0<\/p>\n<p>[vimeo]https:\/\/vimeo.com\/124494226 [\/vimeo]<\/p>\n<p>\u00a0<\/p>\n<p>\u00a0<\/p>\n","protected":false},"excerpt":{"rendered":"<p>Sjednica Gradskog vije\u0107a 14. po redu odr\u017eana je 8. travnja 2015.g. Na 14. sjednici Gradskog vije\u0107a Grada Ka\u0161tela prihva\u0107eno je [&hellip;]<\/p>\n","protected":false},"author":7,"featured_media":6243,"comment_status":"closed","ping_status":"open","sticky":false,"template":"","format":"standard","meta":{"_acf_changed":false,"footnotes":""},"categories":[1],"tags":[],"class_list":["post-6339","post","type-post","status-publish","format-standard","has-post-thumbnail","hentry","category-novosti"],"acf":[],"_links":{"self":[{"href":"https:\/\/kastela.hr\/en\/wp-json\/wp\/v2\/posts\/6339","targetHints":{"allow":["GET"]}}],"collection":[{"href":"https:\/\/kastela.hr\/en\/wp-json\/wp\/v2\/posts"}],"about":[{"href":"https:\/\/kastela.hr\/en\/wp-json\/wp\/v2\/types\/post"}],"author":[{"embeddable":true,"href":"https:\/\/kastela.hr\/en\/wp-json\/wp\/v2\/users\/7"}],"replies":[{"embeddable":true,"href":"https:\/\/kastela.hr\/en\/wp-json\/wp\/v2\/comments?post=6339"}],"version-history":[{"count":3,"href":"https:\/\/kastela.hr\/en\/wp-json\/wp\/v2\/posts\/6339\/revisions"}],"predecessor-version":[{"id":8486,"href":"https:\/\/kastela.hr\/en\/wp-json\/wp\/v2\/posts\/6339\/revisions\/8486"}],"wp:featuredmedia":[{"embeddable":true,"href":"https:\/\/kastela.hr\/en\/wp-json\/wp\/v2\/media\/6243"}],"wp:attachment":[{"href":"https:\/\/kastela.hr\/en\/wp-json\/wp\/v2\/media?parent=6339"}],"wp:term":[{"taxonomy":"category","embeddable":true,"href":"https:\/\/kastela.hr\/en\/wp-json\/wp\/v2\/categories?post=6339"},{"taxonomy":"post_tag","embeddable":true,"href":"https:\/\/kastela.hr\/en\/wp-json\/wp\/v2\/tags?post=6339"}],"curies":[{"name":"wp","href":"https:\/\/api.w.org\/{rel}","templated":true}]}}