{"id":6338,"date":"2015-04-10T11:37:13","date_gmt":"2015-04-10T09:37:13","guid":{"rendered":"https:\/\/kastela.hr\/en\/2015\/04\/10\/kronika-grada-kastela-11\/"},"modified":"2024-08-29T10:48:24","modified_gmt":"2024-08-29T08:48:24","slug":"kronika-grada-kastela-11","status":"publish","type":"post","link":"https:\/\/kastela.hr\/en\/2015\/04\/10\/kronika-grada-kastela-11\/","title":{"rendered":"Kronika Grada Ka\u0161tela"},"content":{"rendered":"<p><a href=\"http:\/\/www.kastela.hr\/wp-content\/uploads\/2015\/04\/kula-top-k.-sucurac.jpg\"><img loading=\"lazy\" decoding=\"async\" class=\"alignleft size-thumbnail wp-image-26313\" src=\"http:\/\/www.kastela.hr\/wp-content\/uploads\/2015\/04\/kula-top-k.-sucurac-150x120.jpg\" alt=\"kula top-k. sucurac\" width=\"150\" height=\"120\" \/><\/a>U ovotjednoj emisiji Kronike Grada Ka\u0161tela mo\u017eete pogledati prilog o sjednici Gradskog vije\u0107a koja se odr\u017eala 8. travnja 2015.g. Popra\u0107en je i prosvjed radnika Adria \u010delika u K. Su\u0107urcu koji pokre\u0107u inicijativu za proglas ste\u010daja tvrtke zbog neispla\u0107enih pla\u0107a. Mo\u017eete pogledati i razgovor sa direktoricom Turisti\u010dke zajednice Nadom Mar\u0161i\u0107 o novom vizualnom\u00a0identitetu Grada Ka\u0161tela, i gradona\u010delnikom Udovi\u010di\u0107em u svezi dobivanja novih registracijskih oznaka za Grad Ka\u0161tela, uz 128 gradova Hrvatske.<\/p>\n<p><strong>Emisiju mo\u017eete pogledati u prilo\u017eenom videu:<\/strong><\/p>\n<p>[vimeo]https:\/\/vimeo.com\/124607053 [\/vimeo]<\/p>\n<p>\u00a0<\/p>\n","protected":false},"excerpt":{"rendered":"<p>U ovotjednoj emisiji Kronike Grada Ka\u0161tela mo\u017eete pogledati prilog o sjednici Gradskog vije\u0107a koja se odr\u017eala 8. travnja 2015.g. Popra\u0107en [&hellip;]<\/p>\n","protected":false},"author":7,"featured_media":0,"comment_status":"closed","ping_status":"open","sticky":false,"template":"","format":"standard","meta":{"_acf_changed":false,"footnotes":""},"categories":[1],"tags":[],"class_list":["post-6338","post","type-post","status-publish","format-standard","hentry","category-novosti"],"acf":[],"_links":{"self":[{"href":"https:\/\/kastela.hr\/en\/wp-json\/wp\/v2\/posts\/6338","targetHints":{"allow":["GET"]}}],"collection":[{"href":"https:\/\/kastela.hr\/en\/wp-json\/wp\/v2\/posts"}],"about":[{"href":"https:\/\/kastela.hr\/en\/wp-json\/wp\/v2\/types\/post"}],"author":[{"embeddable":true,"href":"https:\/\/kastela.hr\/en\/wp-json\/wp\/v2\/users\/7"}],"replies":[{"embeddable":true,"href":"https:\/\/kastela.hr\/en\/wp-json\/wp\/v2\/comments?post=6338"}],"version-history":[{"count":1,"href":"https:\/\/kastela.hr\/en\/wp-json\/wp\/v2\/posts\/6338\/revisions"}],"predecessor-version":[{"id":7336,"href":"https:\/\/kastela.hr\/en\/wp-json\/wp\/v2\/posts\/6338\/revisions\/7336"}],"wp:attachment":[{"href":"https:\/\/kastela.hr\/en\/wp-json\/wp\/v2\/media?parent=6338"}],"wp:term":[{"taxonomy":"category","embeddable":true,"href":"https:\/\/kastela.hr\/en\/wp-json\/wp\/v2\/categories?post=6338"},{"taxonomy":"post_tag","embeddable":true,"href":"https:\/\/kastela.hr\/en\/wp-json\/wp\/v2\/tags?post=6338"}],"curies":[{"name":"wp","href":"https:\/\/api.w.org\/{rel}","templated":true}]}}