{"id":6337,"date":"2015-05-28T08:47:06","date_gmt":"2015-05-28T06:47:06","guid":{"rendered":"https:\/\/kastela.hr\/en\/2015\/05\/28\/odrzana-15-sjednica-gradskog-vijeca-2\/"},"modified":"2024-08-29T10:48:24","modified_gmt":"2024-08-29T08:48:24","slug":"odrzana-15-sjednica-gradskog-vijeca-2","status":"publish","type":"post","link":"https:\/\/kastela.hr\/en\/2015\/05\/28\/odrzana-15-sjednica-gradskog-vijeca-2\/","title":{"rendered":"Odr\u017eana 15. sjednica Gradskog vije\u0107a"},"content":{"rendered":"<p style=\"background: white; margin: 0cm 0cm 10.5pt 0cm;\"><span style=\"font-size: 9.0pt; font-family: 'Verdana',sans-serif; color: #3e3e3e;\"><a href=\"https:\/\/kastela.hr\/en\/wp-content\/uploads\/2024\/08\/GRB-GRADA-KASTELA1-6.jpg\"><img loading=\"lazy\" decoding=\"async\" class=\"alignleft size-full wp-image-20606\" src=\"https:\/\/kastela.hr\/en\/wp-content\/uploads\/2024\/08\/GRB-GRADA-KASTELA1-6.jpg\" alt=\"GRB GRADA KASTELA\" width=\"93\" height=\"100\" \/><\/a>Sjednica Gradskog vije\u0107a 15. po redu odr\u017eala se 27. svibnja 2015.g.<\/span><\/p>\n<p style=\"background: white; orphans: auto; text-align: start; widows: 1; -webkit-text-stroke-width: 0px; word-spacing: 0px; margin: 0cm 0cm 10.5pt 0cm;\"><span style=\"font-size: 9.0pt; font-family: 'Verdana',sans-serif; color: #3e3e3e;\">Na 15. sjednici prihva\u0107ena su Izvje\u0161\u0107a o radu i ostvarenju financijskog plana Muzeja Grada Ka\u0161tela, Gradske knji\u017enice, Dje\u010djih vrti\u0107a Ka\u0161tela za 2013.\/14. i Javne ustanove \u0160portski objekti Ka\u0161tela za 2014. godinu. Prijedlog odluke o dono\u0161enju Plana za\u0161tite i spa\u0161avanja i Plana civilne za\u0161tite Grada Ka\u0161tela usvojen je kao i Prijedlog odluke o dopuni Odluke o obra\u010dunu i naplati naknade za razvoj, \u010dime je odre\u0111eno da se komunalnim obveznicima koji se opskrbljuju cisternama ne napla\u0107uje vodna naknada. Prijedlog zaklju\u010dka o odobravanju sklapanja sudske nagodbe izme\u0111u Grada Ka\u0161tela i Kemokompleksa d.o.o. tako\u0111er je usvojen. <\/span><\/p>\n<p style=\"background: white; margin: 0cm 0cm 10.5pt 0cm;\"><span style=\"font-size: 9.0pt; font-family: 'Verdana',sans-serif; color: #3e3e3e;\">15. sjednicu Gradskog vije\u0107a Grada Ka\u0161tela mo\u017eete pogledati na prilo\u017eenim video-snimkama:<\/span><\/p>\n<p>\u00a0<\/p>\n<p style=\"background: white; margin: 0cm 0cm 10.5pt 0cm;\">[vimeo]https:\/\/vimeo.com\/129076130[\/vimeo]<span style=\"font-size: 9.0pt; font-family: 'Verdana',sans-serif; color: #3e3e3e;\">\u00a0<\/span><\/p>\n<p style=\"background: white; margin: 0cm 0cm 10.5pt 0cm;\"><span style=\"font-size: 9.0pt; font-family: 'Verdana',sans-serif; color: #3e3e3e;\">\u00a0[vimeo]https:\/\/vimeo.com\/129076129 [\/vimeo]<\/span><\/p>\n","protected":false},"excerpt":{"rendered":"<p>Sjednica Gradskog vije\u0107a 15. po redu odr\u017eala se 27. svibnja 2015.g. Na 15. sjednici prihva\u0107ena su Izvje\u0161\u0107a o radu i [&hellip;]<\/p>\n","protected":false},"author":7,"featured_media":6243,"comment_status":"closed","ping_status":"open","sticky":false,"template":"","format":"standard","meta":{"_acf_changed":false,"footnotes":""},"categories":[1],"tags":[],"class_list":["post-6337","post","type-post","status-publish","format-standard","has-post-thumbnail","hentry","category-novosti"],"acf":[],"_links":{"self":[{"href":"https:\/\/kastela.hr\/en\/wp-json\/wp\/v2\/posts\/6337","targetHints":{"allow":["GET"]}}],"collection":[{"href":"https:\/\/kastela.hr\/en\/wp-json\/wp\/v2\/posts"}],"about":[{"href":"https:\/\/kastela.hr\/en\/wp-json\/wp\/v2\/types\/post"}],"author":[{"embeddable":true,"href":"https:\/\/kastela.hr\/en\/wp-json\/wp\/v2\/users\/7"}],"replies":[{"embeddable":true,"href":"https:\/\/kastela.hr\/en\/wp-json\/wp\/v2\/comments?post=6337"}],"version-history":[{"count":3,"href":"https:\/\/kastela.hr\/en\/wp-json\/wp\/v2\/posts\/6337\/revisions"}],"predecessor-version":[{"id":8485,"href":"https:\/\/kastela.hr\/en\/wp-json\/wp\/v2\/posts\/6337\/revisions\/8485"}],"wp:featuredmedia":[{"embeddable":true,"href":"https:\/\/kastela.hr\/en\/wp-json\/wp\/v2\/media\/6243"}],"wp:attachment":[{"href":"https:\/\/kastela.hr\/en\/wp-json\/wp\/v2\/media?parent=6337"}],"wp:term":[{"taxonomy":"category","embeddable":true,"href":"https:\/\/kastela.hr\/en\/wp-json\/wp\/v2\/categories?post=6337"},{"taxonomy":"post_tag","embeddable":true,"href":"https:\/\/kastela.hr\/en\/wp-json\/wp\/v2\/tags?post=6337"}],"curies":[{"name":"wp","href":"https:\/\/api.w.org\/{rel}","templated":true}]}}