{"id":6336,"date":"2015-07-01T10:08:53","date_gmt":"2015-07-01T08:08:53","guid":{"rendered":"https:\/\/kastela.hr\/en\/2015\/07\/01\/odrzana-16-sjednica-gradskog-vijeca-2\/"},"modified":"2024-08-29T10:48:24","modified_gmt":"2024-08-29T08:48:24","slug":"odrzana-16-sjednica-gradskog-vijeca-2","status":"publish","type":"post","link":"https:\/\/kastela.hr\/en\/2015\/07\/01\/odrzana-16-sjednica-gradskog-vijeca-2\/","title":{"rendered":"Odr\u017eana 16. sjednica Gradskog vije\u0107a"},"content":{"rendered":"<p><a href=\"https:\/\/kastela.hr\/en\/wp-content\/uploads\/2024\/08\/GRB-GRADA-KASTELA1-6.jpg\"><img loading=\"lazy\" decoding=\"async\" class=\"alignleft size-full wp-image-20606\" src=\"https:\/\/kastela.hr\/en\/wp-content\/uploads\/2024\/08\/GRB-GRADA-KASTELA1-6.jpg\" alt=\"GRB GRADA KASTELA\" width=\"93\" height=\"100\" \/><\/a>Sjednica Gradskog vije\u0107a, 16. po redu odr\u017eala se 30. lipnja 2015. godine na kojoj je prihva\u0107eno i usvojeno svih sedam to\u010daka dnevnog reda.<br \/>\nNa 16. sjednici Prijedlog odluke o reklamiranju na podru\u010dju Ka\u0161tela, koju je iznijela pro\u010delnica za komunalne djelatnosti Marija Pelivan usvojen je sa izmjenama Odluke u kojoj gradona\u010delnik zadr\u017eava pravo poni\u0161tenja natje\u010daja ili djela natje\u010daja za reklamiranje uz dodatno obrazlo\u017eenje. Odluka je usvojena i uz izmjene visine naknada za isticanje reklamnih poruka, smanjenjem cijena za 40 posto, uz\u00a0dodatak na stavku &#8211; reklamni panoi oglasne povr\u0161ine do 12m2, ozna\u010davati\u00a0\u0107e\u00a0pojam velikog panoa. Utvr\u0111eno je da jedan \u010dlan povjerenstva za pra\u0107enje stanja okoli\u0161a bude pro\u010delnik UO u \u010diji djelokrug rada spadaju poslovi za\u0161tite prirode i okoli\u0161a, tj. osoba iz reda slu\u017ebenika UO koju odredi pro\u010delnik da ga zamjenjuje u odsutnosti. Izrada strategije razvoja Grada Ka\u0161tela za razdoblje 2015. g. do 2020.g. &#8211; prijedlog Odluke o kojoj je izvijestio Mili Novak, usvojena je kao i prijedlog odluke o gradskim porezima uz prve izmjene i dopune prora\u010duna Grada za 2015.g uz projekcije za 2016. i 2017.g.<\/p>\n<p><strong>16. sjednicu Gradskog vije\u0107a mo\u017eete pogledati na prilo\u017eenim video snimkama:<\/strong><\/p>\n<p>\u00a0<\/p>\n<p style=\"background: white; margin: 0cm 0cm 10.5pt 0cm;\">[vimeo]https:\/\/vimeo.com\/132300923 [\/vimeo]<\/p>\n<p>\u00a0<\/p>\n<p>[vimeo]https:\/\/vimeo.com\/132300924 [\/vimeo]<\/p>\n<p>\u00a0<\/p>\n<p>\u00a0<\/p>\n<p>\u00a0<\/p>\n<p>\u00a0<\/p>\n","protected":false},"excerpt":{"rendered":"<p>Sjednica Gradskog vije\u0107a, 16. po redu odr\u017eala se 30. lipnja 2015. godine na kojoj je prihva\u0107eno i usvojeno svih sedam [&hellip;]<\/p>\n","protected":false},"author":7,"featured_media":6243,"comment_status":"closed","ping_status":"open","sticky":false,"template":"","format":"standard","meta":{"_acf_changed":false,"footnotes":""},"categories":[1],"tags":[],"class_list":["post-6336","post","type-post","status-publish","format-standard","has-post-thumbnail","hentry","category-novosti"],"acf":[],"_links":{"self":[{"href":"https:\/\/kastela.hr\/en\/wp-json\/wp\/v2\/posts\/6336","targetHints":{"allow":["GET"]}}],"collection":[{"href":"https:\/\/kastela.hr\/en\/wp-json\/wp\/v2\/posts"}],"about":[{"href":"https:\/\/kastela.hr\/en\/wp-json\/wp\/v2\/types\/post"}],"author":[{"embeddable":true,"href":"https:\/\/kastela.hr\/en\/wp-json\/wp\/v2\/users\/7"}],"replies":[{"embeddable":true,"href":"https:\/\/kastela.hr\/en\/wp-json\/wp\/v2\/comments?post=6336"}],"version-history":[{"count":3,"href":"https:\/\/kastela.hr\/en\/wp-json\/wp\/v2\/posts\/6336\/revisions"}],"predecessor-version":[{"id":8484,"href":"https:\/\/kastela.hr\/en\/wp-json\/wp\/v2\/posts\/6336\/revisions\/8484"}],"wp:featuredmedia":[{"embeddable":true,"href":"https:\/\/kastela.hr\/en\/wp-json\/wp\/v2\/media\/6243"}],"wp:attachment":[{"href":"https:\/\/kastela.hr\/en\/wp-json\/wp\/v2\/media?parent=6336"}],"wp:term":[{"taxonomy":"category","embeddable":true,"href":"https:\/\/kastela.hr\/en\/wp-json\/wp\/v2\/categories?post=6336"},{"taxonomy":"post_tag","embeddable":true,"href":"https:\/\/kastela.hr\/en\/wp-json\/wp\/v2\/tags?post=6336"}],"curies":[{"name":"wp","href":"https:\/\/api.w.org\/{rel}","templated":true}]}}