{"id":6335,"date":"2015-07-17T10:17:35","date_gmt":"2015-07-17T08:17:35","guid":{"rendered":"https:\/\/kastela.hr\/en\/2015\/07\/17\/ovotjedna-emisija-kronika-grada-kastela\/"},"modified":"2024-08-29T10:48:24","modified_gmt":"2024-08-29T08:48:24","slug":"ovotjedna-emisija-kronika-grada-kastela","status":"publish","type":"post","link":"https:\/\/kastela.hr\/en\/2015\/07\/17\/ovotjedna-emisija-kronika-grada-kastela\/","title":{"rendered":"Ovotjedna emisija &#8220;Kronika Grada Ka\u0161tela&#8221;"},"content":{"rendered":"<p><a href=\"https:\/\/kastela.hr\/en\/wp-content\/uploads\/2024\/08\/kastela-11.jpg\"><img loading=\"lazy\" decoding=\"async\" class=\"alignleft size-thumbnail wp-image-26137\" src=\"https:\/\/kastela.hr\/en\/wp-content\/uploads\/2024\/08\/kastela-11.jpg\" alt=\"kastela\" width=\"150\" height=\"120\" \/><\/a>U ovotjednoj emisiji mo\u017eete pogledati prilog o novostima o\u00a0reklamiranju i postavljanju reklamnih objekata u Gradu Ka\u0161tela uz pripadaju\u0107e odredbe izmijenjene Odluke upu\u0107ene vlasnicima postoje\u0107ih ili budu\u0107ih reklamnih predmeta.<br \/>\nMo\u017eete pogledati i priloge o odr\u017eanim doga\u0111ajima Kulturnog ljeta, koncert \u017eenske klape Putalj u Podvorju, izvedba komedije \u201eVa\u017eno je zvati se Erne\u0161to\u201c u dvorcu Vitturi i najavu za ovogodi\u0161nje Ve\u010deri dalmatinske pisme 2015., koje \u0107e se u K. Kambelovcu odr\u017eavati ovaj vikend.<\/p>\n<p>Emisiju o ka\u0161telanskim zbivanjima i doga\u0111anjima mo\u017eete pratiti nedjeljom u 20:45 h, sa repriznim emitiranjem srijedom u 18:05 h na Televiziji Jadran.<\/p>\n<p>\u00a0<\/p>\n<p>[vimeo]https:\/\/vimeo.com\/133737619 [\/vimeo]<\/p>\n<p>\u00a0<\/p>\n<p>\u00a0<\/p>\n<p>\u00a0<\/p>\n","protected":false},"excerpt":{"rendered":"<p>U ovotjednoj emisiji mo\u017eete pogledati prilog o novostima o\u00a0reklamiranju i postavljanju reklamnih objekata u Gradu Ka\u0161tela uz pripadaju\u0107e odredbe izmijenjene [&hellip;]<\/p>\n","protected":false},"author":7,"featured_media":6275,"comment_status":"closed","ping_status":"open","sticky":false,"template":"","format":"standard","meta":{"_acf_changed":false,"footnotes":""},"categories":[1],"tags":[],"class_list":["post-6335","post","type-post","status-publish","format-standard","has-post-thumbnail","hentry","category-novosti"],"acf":[],"_links":{"self":[{"href":"https:\/\/kastela.hr\/en\/wp-json\/wp\/v2\/posts\/6335","targetHints":{"allow":["GET"]}}],"collection":[{"href":"https:\/\/kastela.hr\/en\/wp-json\/wp\/v2\/posts"}],"about":[{"href":"https:\/\/kastela.hr\/en\/wp-json\/wp\/v2\/types\/post"}],"author":[{"embeddable":true,"href":"https:\/\/kastela.hr\/en\/wp-json\/wp\/v2\/users\/7"}],"replies":[{"embeddable":true,"href":"https:\/\/kastela.hr\/en\/wp-json\/wp\/v2\/comments?post=6335"}],"version-history":[{"count":3,"href":"https:\/\/kastela.hr\/en\/wp-json\/wp\/v2\/posts\/6335\/revisions"}],"predecessor-version":[{"id":8483,"href":"https:\/\/kastela.hr\/en\/wp-json\/wp\/v2\/posts\/6335\/revisions\/8483"}],"wp:featuredmedia":[{"embeddable":true,"href":"https:\/\/kastela.hr\/en\/wp-json\/wp\/v2\/media\/6275"}],"wp:attachment":[{"href":"https:\/\/kastela.hr\/en\/wp-json\/wp\/v2\/media?parent=6335"}],"wp:term":[{"taxonomy":"category","embeddable":true,"href":"https:\/\/kastela.hr\/en\/wp-json\/wp\/v2\/categories?post=6335"},{"taxonomy":"post_tag","embeddable":true,"href":"https:\/\/kastela.hr\/en\/wp-json\/wp\/v2\/tags?post=6335"}],"curies":[{"name":"wp","href":"https:\/\/api.w.org\/{rel}","templated":true}]}}