{"id":6334,"date":"2015-09-10T12:46:28","date_gmt":"2015-09-10T10:46:28","guid":{"rendered":"https:\/\/kastela.hr\/en\/2015\/09\/10\/sazvana-17-sjednica-gradskog-vijeca-3\/"},"modified":"2024-08-29T10:48:24","modified_gmt":"2024-08-29T08:48:24","slug":"sazvana-17-sjednica-gradskog-vijeca-3","status":"publish","type":"post","link":"https:\/\/kastela.hr\/en\/2015\/09\/10\/sazvana-17-sjednica-gradskog-vijeca-3\/","title":{"rendered":"Sazvana 17. sjednica Gradskog vije\u0107a"},"content":{"rendered":"<p><a href=\"https:\/\/kastela.hr\/en\/wp-content\/uploads\/2024\/08\/vijece-7sjednica4.jpg\"><img loading=\"lazy\" decoding=\"async\" class=\"alignleft size-thumbnail wp-image-17862\" src=\"https:\/\/kastela.hr\/en\/wp-content\/uploads\/2024\/08\/vijece-7sjednica4.jpg\" alt=\"vijece 7sjednica4\" width=\"150\" height=\"120\" \/><\/a>Nova sjednica Gradskog vije\u0107a Grada Ka\u0161tela, 17. po redu, odr\u017eati \u0107e se 15. rujna,\u00a0(utorak) 2015.g. u 13:00 sati u Gradskoj vije\u0107nici.<\/p>\n<p><strong>Dnevni red sadr\u017eava 8 to\u010daka.<\/strong><\/p>\n<p>\u00a0<\/p>\n<p>\u00a0<\/p>\n<p><strong>Dnevni red:\u00a0<\/strong><\/p>\n<ol>\n<li>Usvajanje Zapisnika sa 16. sjednice Gradskog vije\u0107a<\/li>\n<li>Vije\u0107ni\u010dka pitanja i prijedlozi<\/li>\n<li><a href=\"http:\/\/www.kastela.hr\/wp-content\/uploads\/2015\/09\/GV-17-3.pdf\">Prijedlog odluke o uvjetima i na\u010dinu dr\u017eanja ku\u0107nih ljubimaca, uvjetima i na\u010dinu dr\u017eanja vezanih pasa te postupanju s napu\u0161tenim i izgubljenim \u017eivotinjama<\/a><\/li>\n<li><a href=\"http:\/\/www.kastela.hr\/wp-content\/uploads\/2015\/09\/GV-17-4.pdf\">Prijedlog Plana davanja koncesija na podru\u010dju Grada Ka\u0161tela za 2016. godinu<\/a><\/li>\n<li><a href=\"http:\/\/www.kastela.hr\/wp-content\/uploads\/2015\/09\/GV-17-5.pdf\">Prijedlog izmjena Srednjoro\u010dnog (trogodi\u0161njeg) plana davanja koncesija na podru\u010dju Grada Ka\u0161tela za razdoblje od 2014. do 2016. godine<\/a><br \/>\n&#8211; Izvjestiteljica t. 3. do 5. Marija Pelivan, pro\u010delnica Upravnog odjela za komunalno \u00a0 \u00a0 \u00a0gospodarstvo i imovinsko pravne poslove<\/li>\n<li><a href=\"http:\/\/www.kastela.hr\/wp-content\/uploads\/2015\/09\/GV-17-6.pdf\">Prijedlog odluke o izmjenama Odluke o gradskim porezima<\/a><\/li>\n<li><a href=\"http:\/\/www.kastela.hr\/wp-content\/uploads\/2015\/09\/GV-17-7.pdf\">Polugodi\u0161nji izvje\u0161taj o izvr\u0161enju Prora\u010duna Grada Ka\u0161tela za razdoblje sije\u010danj-lipanj 2015. godine<\/a><br \/>\n&#8211; Izvjestiteljica t. 6. i t. 7.: Marija Matija \u0110iki\u0107, pro\u010delnica Upravnog odjela za financije, prora\u010dun i javnu nabavu<\/li>\n<li><a href=\"http:\/\/www.kastela.hr\/wp-content\/uploads\/2015\/09\/GV-17-8.pdf\">Prijedlog odluke o davanju suglasnosti za ulazak Grada Ka\u0161tela u sastav Urbane aglomeracije<\/a><br \/>\n&#8211; Izvjestiteljica: Marijana Mi\u0161erda Baji\u0107, savjetnica za EU fondove<\/li>\n<\/ol>\n<p>\u00a0<\/p>\n<p><a href=\"http:\/\/www.kastela.hr\/wp-content\/uploads\/2015\/09\/POZIV_17-sjednica-Gradskog-vijeca_15_rujna-2015-g-.pdf\">POZIV -_17 sjednica Gradskog vije\u0107a 15. rujna 2015. g.<\/a><\/p>\n","protected":false},"excerpt":{"rendered":"<p>Nova sjednica Gradskog vije\u0107a Grada Ka\u0161tela, 17. po redu, odr\u017eati \u0107e se 15. rujna,\u00a0(utorak) 2015.g. u 13:00 sati u Gradskoj [&hellip;]<\/p>\n","protected":false},"author":7,"featured_media":6281,"comment_status":"closed","ping_status":"open","sticky":false,"template":"","format":"standard","meta":{"_acf_changed":false,"footnotes":""},"categories":[1],"tags":[],"class_list":["post-6334","post","type-post","status-publish","format-standard","has-post-thumbnail","hentry","category-novosti"],"acf":[],"_links":{"self":[{"href":"https:\/\/kastela.hr\/en\/wp-json\/wp\/v2\/posts\/6334","targetHints":{"allow":["GET"]}}],"collection":[{"href":"https:\/\/kastela.hr\/en\/wp-json\/wp\/v2\/posts"}],"about":[{"href":"https:\/\/kastela.hr\/en\/wp-json\/wp\/v2\/types\/post"}],"author":[{"embeddable":true,"href":"https:\/\/kastela.hr\/en\/wp-json\/wp\/v2\/users\/7"}],"replies":[{"embeddable":true,"href":"https:\/\/kastela.hr\/en\/wp-json\/wp\/v2\/comments?post=6334"}],"version-history":[{"count":3,"href":"https:\/\/kastela.hr\/en\/wp-json\/wp\/v2\/posts\/6334\/revisions"}],"predecessor-version":[{"id":8482,"href":"https:\/\/kastela.hr\/en\/wp-json\/wp\/v2\/posts\/6334\/revisions\/8482"}],"wp:featuredmedia":[{"embeddable":true,"href":"https:\/\/kastela.hr\/en\/wp-json\/wp\/v2\/media\/6281"}],"wp:attachment":[{"href":"https:\/\/kastela.hr\/en\/wp-json\/wp\/v2\/media?parent=6334"}],"wp:term":[{"taxonomy":"category","embeddable":true,"href":"https:\/\/kastela.hr\/en\/wp-json\/wp\/v2\/categories?post=6334"},{"taxonomy":"post_tag","embeddable":true,"href":"https:\/\/kastela.hr\/en\/wp-json\/wp\/v2\/tags?post=6334"}],"curies":[{"name":"wp","href":"https:\/\/api.w.org\/{rel}","templated":true}]}}