{"id":6332,"date":"2015-11-02T07:09:16","date_gmt":"2015-11-02T06:09:16","guid":{"rendered":"https:\/\/kastela.hr\/en\/2015\/11\/02\/kronika-grada-kastela-10\/"},"modified":"2024-08-29T10:48:24","modified_gmt":"2024-08-29T08:48:24","slug":"kronika-grada-kastela-10","status":"publish","type":"post","link":"https:\/\/kastela.hr\/en\/2015\/11\/02\/kronika-grada-kastela-10\/","title":{"rendered":"Kronika Grada Ka\u0161tela"},"content":{"rendered":"<p><a href=\"https:\/\/kastela.hr\/en\/wp-content\/uploads\/2024\/08\/kastela-11.jpg\"><img loading=\"lazy\" decoding=\"async\" class=\"alignleft size-thumbnail wp-image-26137\" src=\"https:\/\/kastela.hr\/en\/wp-content\/uploads\/2024\/08\/kastela-11.jpg\" alt=\"kastela\" width=\"150\" height=\"120\" \/><\/a>Kronika Grada Ka\u0161tela ovaj put prikazala je priloge o polaganju vijenaca \u010delnih osoba Grada povodom Dana mrtvih, gradona\u010delnikovu izjavu o legalizaciji objekata u Ka\u0161telima, odr\u017eavanje radionice u Gradskoj vije\u0107nici za ostvarivanje potpora i pokretanje poslovanja mladih poljoprivrednika, predavanje i predstavljanje knjiga od strane novinara, knji\u017eevnika i glazbenika Kre\u0161imira Mi\u0161aka u dvorcu Vitturi, gdje je objasnio iz svoje perspektive na koji na\u010din \u010ditati vijesti u svim medijima koji nas okru\u017euju i dr.<\/p>\n<p>Emisiju o ka\u0161telanskim zbivanjima i doga\u0111anjima mo\u017eete pratiti nedjeljom u 20:45 h, sa repriznim emitiranjem srijedom u 18:05 h na Televiziji Jadran.<\/p>\n<p><strong>Video Kronike Grada\u00a0Ka\u0161tela 132.<\/strong><\/p>\n<p>\u00a0<\/p>\n<p>[vimeo]https:\/\/vimeo.com\/144122622 [\/vimeo]<\/p>\n<p>\u00a0<\/p>\n<p>\u00a0<\/p>\n","protected":false},"excerpt":{"rendered":"<p>Kronika Grada Ka\u0161tela ovaj put prikazala je priloge o polaganju vijenaca \u010delnih osoba Grada povodom Dana mrtvih, gradona\u010delnikovu izjavu o [&hellip;]<\/p>\n","protected":false},"author":7,"featured_media":6275,"comment_status":"closed","ping_status":"open","sticky":false,"template":"","format":"standard","meta":{"_acf_changed":false,"footnotes":""},"categories":[1],"tags":[],"class_list":["post-6332","post","type-post","status-publish","format-standard","has-post-thumbnail","hentry","category-novosti"],"acf":[],"_links":{"self":[{"href":"https:\/\/kastela.hr\/en\/wp-json\/wp\/v2\/posts\/6332","targetHints":{"allow":["GET"]}}],"collection":[{"href":"https:\/\/kastela.hr\/en\/wp-json\/wp\/v2\/posts"}],"about":[{"href":"https:\/\/kastela.hr\/en\/wp-json\/wp\/v2\/types\/post"}],"author":[{"embeddable":true,"href":"https:\/\/kastela.hr\/en\/wp-json\/wp\/v2\/users\/7"}],"replies":[{"embeddable":true,"href":"https:\/\/kastela.hr\/en\/wp-json\/wp\/v2\/comments?post=6332"}],"version-history":[{"count":3,"href":"https:\/\/kastela.hr\/en\/wp-json\/wp\/v2\/posts\/6332\/revisions"}],"predecessor-version":[{"id":8480,"href":"https:\/\/kastela.hr\/en\/wp-json\/wp\/v2\/posts\/6332\/revisions\/8480"}],"wp:featuredmedia":[{"embeddable":true,"href":"https:\/\/kastela.hr\/en\/wp-json\/wp\/v2\/media\/6275"}],"wp:attachment":[{"href":"https:\/\/kastela.hr\/en\/wp-json\/wp\/v2\/media?parent=6332"}],"wp:term":[{"taxonomy":"category","embeddable":true,"href":"https:\/\/kastela.hr\/en\/wp-json\/wp\/v2\/categories?post=6332"},{"taxonomy":"post_tag","embeddable":true,"href":"https:\/\/kastela.hr\/en\/wp-json\/wp\/v2\/tags?post=6332"}],"curies":[{"name":"wp","href":"https:\/\/api.w.org\/{rel}","templated":true}]}}