{"id":6331,"date":"2015-11-20T13:56:39","date_gmt":"2015-11-20T12:56:39","guid":{"rendered":"https:\/\/kastela.hr\/en\/2015\/11\/20\/sazvana-18-sjednica-gradskog-vijeca-3\/"},"modified":"2024-08-29T10:48:24","modified_gmt":"2024-08-29T08:48:24","slug":"sazvana-18-sjednica-gradskog-vijeca-3","status":"publish","type":"post","link":"https:\/\/kastela.hr\/en\/2015\/11\/20\/sazvana-18-sjednica-gradskog-vijeca-3\/","title":{"rendered":"Sazvana 18. sjednica Gradskog vije\u0107a"},"content":{"rendered":"<p><a href=\"https:\/\/kastela.hr\/en\/wp-content\/uploads\/2024\/08\/th.jpg\"><img loading=\"lazy\" decoding=\"async\" class=\"alignleft size-thumbnail wp-image-19994\" src=\"https:\/\/kastela.hr\/en\/wp-content\/uploads\/2024\/08\/th.jpg\" alt=\"th\" width=\"150\" height=\"120\" \/><\/a>Nova sjednica Gradskog vije\u0107a Grada Ka\u0161tela, 18. po redu, odr\u017eati \u0107e se 26. studenog,\u00a0(\u010detvrtak) 2015.g. u 12:00 sati u Gradskoj vije\u0107nici.<\/p>\n<p><strong>Dnevni red sadr\u017eava 24 to\u010dke.<\/strong><\/p>\n<p>\u00a0<\/p>\n<p>\u00a0<\/p>\n<p>\u00a0<\/p>\n<p><strong>Dnevni red:<\/strong><\/p>\n<ol>\n<li>Usvajanje Zapisnika sa 17. sjednice Gradskog vije\u0107a<\/li>\n<li>Vije\u0107ni\u010dka pitanja i prijedlozi<\/li>\n<li><a href=\"http:\/\/www.kastela.hr\/wp-content\/uploads\/2015\/11\/18-3.pdf\">Prijedlog II izmjena i dopuna Prora\u010duna Grada Ka\u0161tela za 2015. godinu\u00a0 i projekcija za 2016. i 2017. g.<\/a><br \/>\n&#8211; Izvjestiteljica: Matija Marija \u0110iki\u0107, pro\u010delnica Upravnog odjela za prora\u010dun, financije i javnu nabavu<\/li>\n<li><a href=\"http:\/\/www.kastela.hr\/wp-content\/uploads\/2015\/11\/18-4.pdf\">Prijedlog izmjena i dopuna Programa odr\u017eavanja komunalne infrastrukture u Gradu Ka\u0161tela za 2015. godinu<\/a><br \/>\n&#8211; Izvjestiteljica: Marija Pelivan, pro\u010delnica Upravnog odjela za komunalno gospodarstvo i imovinsko pravne poslove<\/li>\n<li><a href=\"http:\/\/www.kastela.hr\/wp-content\/uploads\/2015\/11\/18-5.pdf\">Prijedlog Prora\u010duna Grada Ka\u0161tela za 2016. g. i projekcije za 2017. i 2018. godinu<\/a><\/li>\n<li><a href=\"http:\/\/www.kastela.hr\/wp-content\/uploads\/2015\/11\/18-6.pdf\">Prijedlog odluke o izvr\u0161avanju Prora\u010duna Grada Ka\u0161tela za 2016. godinu<\/a><br \/>\n&#8211; Izvjestiteljica t. 5. i 6.: Matija Marija \u0110iki\u0107, pro\u010delnica Upravnog odjela za prora\u010dun, financije i javnu \u00a0nabavu<\/li>\n<li><a href=\"http:\/\/www.kastela.hr\/wp-content\/uploads\/2015\/11\/18-7.pdf\">Prijedlog programa gradnje objekata i ure\u0111aja komunalne infrastrukture u Gradu Ka\u0161tela za 2016. godinu<\/a><\/li>\n<li><a href=\"http:\/\/www.kastela.hr\/wp-content\/uploads\/2015\/11\/18-8.pdf\">Prijedlog programa odr\u017eavanja komunalne infrastrukture u Gradu Ka\u0161tela za\u00a0 2016. godinu<\/a>\u00a0<a href=\"http:\/\/www.kastela.hr\/wp-content\/uploads\/2015\/11\/18-8.pdf\"><br \/>\n<\/a>\u00a0 -Izvjestiteljica t. 7. i 8.: Marija Pelivan, pro\u010delnica Upravnog odjela za komunalno gospodarstvo i imovinsko\u00a0 pravne poslove<\/li>\n<li><a href=\"http:\/\/www.kastela.hr\/wp-content\/uploads\/2015\/11\/18-9.pdf\">Prijedlog programa javnih potreba u socijalnoj skrbi i zdravstvenoj za\u0161titi Grada Ka\u0161tela za 2016. godinu<\/a><\/li>\n<li><a href=\"http:\/\/www.kastela.hr\/wp-content\/uploads\/2015\/11\/18-10.pdf\">Prijedlog programa javnih potreba u pred\u0161kolskom odgoju Grada Ka\u0161tela za 2016. godinu<\/a><\/li>\n<li><a href=\"http:\/\/www.kastela.hr\/wp-content\/uploads\/2015\/11\/18-11.pdf\">Prijedlog programa javnih potreba u sportu Grada Ka\u0161tela za 2016. godinu<\/a><\/li>\n<li><a href=\"http:\/\/www.kastela.hr\/wp-content\/uploads\/2015\/11\/18-12.pdf\">Prijedlog programa javnih potreba u tehni\u010dkoj kulturi Grada Ka\u0161tela za 2016. godinu<\/a><\/li>\n<li><a href=\"http:\/\/www.kastela.hr\/wp-content\/uploads\/2015\/11\/18-131.pdf\">Prijedlog programa javnih potreba u kulturi Grada Ka\u0161tela za 2016. godinu<\/a><\/li>\n<li><a href=\"http:\/\/www.kastela.hr\/wp-content\/uploads\/2015\/11\/18-14.pdf\">Prijedlog programa financiranja javnih potreba udruga gra\u0111ana Grada Ka\u0161tela za 2016. godinu<\/a>\u00a0<a href=\"http:\/\/www.kastela.hr\/wp-content\/uploads\/2015\/11\/18-14.pdf\"><br \/>\n<\/a>\u00a0\u00a0 &#8211; Izvjestiteljica t. 9. do t. 14.: Sandra Zoki\u0107, pro\u010delnica Upravnog odjela za dru\u0161tvene djelatnosti i op\u0107e poslove<\/li>\n<li><a href=\"http:\/\/www.kastela.hr\/wp-content\/uploads\/2015\/11\/18-15.pdf\">Izvje\u0161\u0107e Gradona\u010delnika o radu za razdoblje sije\u010danj-lipanj 2015. g.<\/a><br \/>\n&#8211; Izvjestitelj: Ivan Udovi\u010di\u0107, gradona\u010delnik<\/li>\n<li><a href=\"http:\/\/www.kastela.hr\/wp-content\/uploads\/2015\/11\/18-16.pdf\">Prijedlog odluke o izradi Urbanisti\u010dkog plana ure\u0111enja turisti\u010dke zone Ka\u0161tel Su\u0107urac \u2013 Sustipan (UPU-18)<\/a>\u00a0<a href=\"http:\/\/www.kastela.hr\/wp-content\/uploads\/2015\/11\/18-16.pdf\"><br \/>\n<\/a>Izvjestitelj: Boris \u0160kara, pro\u010delnik Upravnog odjela za prostorno ure\u0111enje, gradnju i za\u0161titu okoli\u0161a<\/li>\n<li><a href=\"http:\/\/www.kastela.hr\/wp-content\/uploads\/2015\/11\/18-17.pdf\">Prijedlog odluke o jednokratnoj nov\u010danoj pomo\u0107i za roditelje poginulih branitelja Domovinskog rata povodom Bo\u017ei\u0107a<\/a><\/li>\n<li><a href=\"http:\/\/www.kastela.hr\/wp-content\/uploads\/2015\/11\/18-18.pdf\">Prijedlog odluke o jednokratnoj nov\u010danoj pomo\u0107i za umirovljenike povodom Bo\u017ei\u0107a<\/a><br \/>\n&#8211; Izvjestiteljica t.17. i t.18.: Sandra Zoki\u0107, pro\u010delnica Upravnog odjela za dru\u0161tvene djelatnosti i op\u0107e poslove<\/li>\n<li><a href=\"http:\/\/www.kastela.hr\/wp-content\/uploads\/2015\/11\/18-19.pdf\">Prijedlog izmjena Plana gospodarenja otpadom Grada Ka\u0161tela<\/a><br \/>\n&#8211; Izvjestiteljica: Marija Pelivan, pro\u010delnica Upravnog odjela za komunalno gospodarstvo i imovinsko pravne poslove<\/li>\n<li><a href=\"http:\/\/www.kastela.hr\/wp-content\/uploads\/2015\/11\/18-20.pdf\">Prijedlog odluke o davanju odobrenja na Program rada Savjeta mladih sa financijskim planom za 2016.<\/a>\u00a0<a href=\"http:\/\/www.kastela.hr\/wp-content\/uploads\/2015\/11\/18-20.pdf\"><br \/>\n<\/a>Izvjestitelj: Ton\u0107i Bosan\u010di\u0107, \u010dlan Savjeta mladih<\/li>\n<li><a href=\"http:\/\/www.kastela.hr\/wp-content\/uploads\/2015\/11\/18-21.pdf\">Prijedlog odluke o izmjenama i dopunama Odluke o reklamiranju na podru\u010dju Grada Ka\u0161tela<\/a><\/li>\n<li><a href=\"http:\/\/www.kastela.hr\/wp-content\/uploads\/2015\/11\/18-22.pdf\">Prijedlog odluke o ukidanju statusa javnog dobra u op\u0107oj uporabi na dijelu \u010dest. zem. 1317 (1317\/1) o. K. Gomilica<\/a><br \/>\n&#8211; Izvjestiteljica t. 21. i t. 22:. Marija Pelivan, pro\u010delnica Upravnog odjela za komunalno gospodarstvo i imovinsko\u00a0 pravne poslove<\/li>\n<li><a href=\"http:\/\/www.kastela.hr\/wp-content\/uploads\/2015\/11\/18-23.pdf\">Prijedlog odluke o dopuni Odluke o koeficijentima za obra\u010dun pla\u0107e slu\u017ebenika i namje\u0161tenika<\/a><br \/>\n&#8211; Izvjestiteljica: Sanda Jakus, pro\u010delnica Upravnog odjela za poslove Gradona\u010delnika i Gradskog vije\u0107a<\/li>\n<li><a href=\"http:\/\/www.kastela.hr\/wp-content\/uploads\/2015\/11\/18-24.pdf\">Prijedlog odluke o izmjeni Odluke o osnivanju sto\u017eera za\u0161tite i spa\u0161avanja Grada Ka\u0161tela<\/a><br \/>\n&#8211; Izvjestiteljica: Sandra Zoki\u0107, pro\u010delnica Upravnog odjela za dru\u0161tvene djelatnosti i op\u0107e poslove<\/li>\n<\/ol>\n<p><a href=\"http:\/\/www.kastela.hr\/wp-content\/uploads\/2015\/11\/POZIV_18-sjednica-Gradskog-vijeca.pdf\">Poziv &#8211; 18. sjednica Gradskog vije\u0107a<\/a><\/p>\n","protected":false},"excerpt":{"rendered":"<p>Nova sjednica Gradskog vije\u0107a Grada Ka\u0161tela, 18. po redu, odr\u017eati \u0107e se 26. studenog,\u00a0(\u010detvrtak) 2015.g. u 12:00 sati u Gradskoj [&hellip;]<\/p>\n","protected":false},"author":7,"featured_media":6256,"comment_status":"closed","ping_status":"open","sticky":false,"template":"","format":"standard","meta":{"_acf_changed":false,"footnotes":""},"categories":[1],"tags":[],"class_list":["post-6331","post","type-post","status-publish","format-standard","has-post-thumbnail","hentry","category-novosti"],"acf":[],"_links":{"self":[{"href":"https:\/\/kastela.hr\/en\/wp-json\/wp\/v2\/posts\/6331","targetHints":{"allow":["GET"]}}],"collection":[{"href":"https:\/\/kastela.hr\/en\/wp-json\/wp\/v2\/posts"}],"about":[{"href":"https:\/\/kastela.hr\/en\/wp-json\/wp\/v2\/types\/post"}],"author":[{"embeddable":true,"href":"https:\/\/kastela.hr\/en\/wp-json\/wp\/v2\/users\/7"}],"replies":[{"embeddable":true,"href":"https:\/\/kastela.hr\/en\/wp-json\/wp\/v2\/comments?post=6331"}],"version-history":[{"count":3,"href":"https:\/\/kastela.hr\/en\/wp-json\/wp\/v2\/posts\/6331\/revisions"}],"predecessor-version":[{"id":8479,"href":"https:\/\/kastela.hr\/en\/wp-json\/wp\/v2\/posts\/6331\/revisions\/8479"}],"wp:featuredmedia":[{"embeddable":true,"href":"https:\/\/kastela.hr\/en\/wp-json\/wp\/v2\/media\/6256"}],"wp:attachment":[{"href":"https:\/\/kastela.hr\/en\/wp-json\/wp\/v2\/media?parent=6331"}],"wp:term":[{"taxonomy":"category","embeddable":true,"href":"https:\/\/kastela.hr\/en\/wp-json\/wp\/v2\/categories?post=6331"},{"taxonomy":"post_tag","embeddable":true,"href":"https:\/\/kastela.hr\/en\/wp-json\/wp\/v2\/tags?post=6331"}],"curies":[{"name":"wp","href":"https:\/\/api.w.org\/{rel}","templated":true}]}}