{"id":6245,"date":"2014-11-17T09:18:11","date_gmt":"2014-11-17T08:18:11","guid":{"rendered":"https:\/\/kastela.hr\/en\/2014\/11\/17\/sazvana-2-tematska-sjednica-gradskog-vijeca\/"},"modified":"2024-08-29T10:48:25","modified_gmt":"2024-08-29T08:48:25","slug":"sazvana-2-tematska-sjednica-gradskog-vijeca","status":"publish","type":"post","link":"https:\/\/kastela.hr\/en\/2014\/11\/17\/sazvana-2-tematska-sjednica-gradskog-vijeca\/","title":{"rendered":"Sazvana 2. tematska sjednica Gradskog vije\u0107a"},"content":{"rendered":"<p><a href=\"https:\/\/kastela.hr\/en\/wp-content\/uploads\/2024\/08\/GRB-GRADA-KASTELA1-6.jpg\"><img loading=\"lazy\" decoding=\"async\" class=\"alignleft size-full wp-image-20606\" alt=\"GRB GRADA KASTELA\" src=\"https:\/\/kastela.hr\/en\/wp-content\/uploads\/2024\/08\/GRB-GRADA-KASTELA1-6.jpg\" width=\"93\" height=\"100\" \/><\/a>Predsjednik Gradskog vije\u0107a Denis Ivanovi\u0107 sazvao je drugu po redu tematsku sjednicu Gradskog vije\u0107a Grada Ka\u0161tela koja \u0107e se odr\u017eati 21. studenoga 2014.g. (petak) s po\u010detkom u 09:00 sati u Gradskoj vije\u0107nici.<\/p>\n<p>Tema sjednice je \u201ePrivo\u0111enje cjelovite lokacije biv\u0161e tvornice \u201eJugovinil\u201c prihvatljivoj gospodarskoj namjeni na dobrobit gra\u0111ana Grada Ka\u0161tela.<\/p>\n<p>Dnevni red sadr\u017eavati \u0107e Izvje\u0161\u0107e Povjerenstva za pra\u0107enje stanja okoli\u0161a Grada Ka\u0161tela i prezentaciju programa sanacije lokacije biv\u0161e tvornice \u201eJugovinil\u201c.<\/p>\n<p><a href=\"http:\/\/www.kastela.hr\/wp-content\/uploads\/2014\/11\/POZIV_za-2-Tematsku-sjednicu-21-studenoga-2014-.pdf\">Poziv za 2. tematsku sjednicu Gradskog vije\u0107a<\/a><\/p>\n","protected":false},"excerpt":{"rendered":"<p>Predsjednik Gradskog vije\u0107a Denis Ivanovi\u0107 sazvao je drugu po redu tematsku sjednicu Gradskog vije\u0107a Grada Ka\u0161tela koja \u0107e se odr\u017eati [&hellip;]<\/p>\n","protected":false},"author":7,"featured_media":6243,"comment_status":"closed","ping_status":"open","sticky":false,"template":"","format":"standard","meta":{"_acf_changed":false,"footnotes":""},"categories":[1],"tags":[],"class_list":["post-6245","post","type-post","status-publish","format-standard","has-post-thumbnail","hentry","category-novosti"],"acf":[],"_links":{"self":[{"href":"https:\/\/kastela.hr\/en\/wp-json\/wp\/v2\/posts\/6245","targetHints":{"allow":["GET"]}}],"collection":[{"href":"https:\/\/kastela.hr\/en\/wp-json\/wp\/v2\/posts"}],"about":[{"href":"https:\/\/kastela.hr\/en\/wp-json\/wp\/v2\/types\/post"}],"author":[{"embeddable":true,"href":"https:\/\/kastela.hr\/en\/wp-json\/wp\/v2\/users\/7"}],"replies":[{"embeddable":true,"href":"https:\/\/kastela.hr\/en\/wp-json\/wp\/v2\/comments?post=6245"}],"version-history":[{"count":3,"href":"https:\/\/kastela.hr\/en\/wp-json\/wp\/v2\/posts\/6245\/revisions"}],"predecessor-version":[{"id":8506,"href":"https:\/\/kastela.hr\/en\/wp-json\/wp\/v2\/posts\/6245\/revisions\/8506"}],"wp:featuredmedia":[{"embeddable":true,"href":"https:\/\/kastela.hr\/en\/wp-json\/wp\/v2\/media\/6243"}],"wp:attachment":[{"href":"https:\/\/kastela.hr\/en\/wp-json\/wp\/v2\/media?parent=6245"}],"wp:term":[{"taxonomy":"category","embeddable":true,"href":"https:\/\/kastela.hr\/en\/wp-json\/wp\/v2\/categories?post=6245"},{"taxonomy":"post_tag","embeddable":true,"href":"https:\/\/kastela.hr\/en\/wp-json\/wp\/v2\/tags?post=6245"}],"curies":[{"name":"wp","href":"https:\/\/api.w.org\/{rel}","templated":true}]}}