{"id":6236,"date":"2018-02-01T07:50:00","date_gmt":"2018-02-01T06:50:00","guid":{"rendered":"https:\/\/kastela.hr\/en\/2018\/02\/01\/video-odrzana-5-sjednica-gradskog-vijeca\/"},"modified":"2024-08-29T10:48:23","modified_gmt":"2024-08-29T08:48:23","slug":"video-odrzana-5-sjednica-gradskog-vijeca","status":"publish","type":"post","link":"https:\/\/kastela.hr\/en\/2018\/02\/01\/video-odrzana-5-sjednica-gradskog-vijeca\/","title":{"rendered":"VIDEO: ODR\u017dANA 5. SJEDNICA GRADSKOG VIJE\u0106A"},"content":{"rendered":"<p>Ju\u010der je odr\u017eana 5. po redu sjednica Gradskog vije\u0107a. Ka\u0161telanski gradski vije\u0107nici su, nakon usvajanja zapisnika i vije\u0107ni\u010dkih pitanja, raspravljali o Prijedlogu odluke o na\u010dinu pru\u017eanja javne usluge prikupljanja mije\u0161anog komunalnog otpada i&nbsp;biorazgradivog komunalnog otpada na podru\u010dju Grada Ka\u0161tela.<\/p>\n<p>U Prijedlogu odluke stoji da \u010cisto\u0107a Split prema ugovoru s Gradom Ka\u0161tela i dalje ostaje davatelj usluga, a odlukom su definirani va\u017eni elementi za korisnika i davatelja usluge. Cijenik usluge bit \u0107e izra\u0111en za mjesec dana, a davatelj usluge u roku od 90 dana treba gra\u0111anima podijeliti izjavu o na\u010dinu pru\u017eanja usluge te do 1. studenoga 2018. davatelj usluge mora podijeliti spremnike za odvojeno prikupljanje biootpada, otpadnog papira i ostalih vrsta otpada. Po direktivi Europske unije svaka jedinica lokalne samouprave du\u017ena je imati 50 posto odvojeno prikupljenog otpada do 2020. godine. Vije\u0107nici su u raspravi najvi\u0161e upozoravali na dosada\u0161nji na\u010din prikupljanja otpada i na neugodne mirise koji do Ka\u0161tela sti\u017eu s Karepovca<\/p>\n<p>Hvala vam \u0161to ste konstruktivnom raspravom pridonosite da donosimo najbolje odluke za na\u0161 grad. Imamo potpisan ugovor s Gradom Splitom pa prema tome \u010cisto\u0107a i jo\u0161 neko vrijeme ostaje davatelj usluge. Na\u0161a klju\u010dna smjernica je prikupljanje i odvajanje otpada i u kratko vrijeme o tome \u0107emo se kona\u010dno izjasniti. Najva\u017enije je za na\u0161e gra\u0111ane da cijena prikupljanja i odvoza otpada ne ode u nebo &ndash; kazao je gradona\u010delnik Denis Ivanovi\u0107 nakon \u010dega je odluka usvojena.<\/p>\n<p>Osim to\u010dke o odvajanju otpada, vije\u0107nici su usvojili i Prijedlog odluke o povjeravanju komunalnih poslova sakupljanja \u017eivotinjskih le\u0161ina s javnih povr\u0161ina na&nbsp;podru\u010dju Grada Ka\u0161tela, kao i Prijedlog odluke o povjeravanju komunalnih djelatnosti iz djelokruga poslova Vlastitog pogona Grada&nbsp;Ka\u0161tela za koje isti nema potrebnu opremu.<\/p>\n<p>Pogledajte kompletnu snimku 5. sjednice Gradskog vije\u0107a Grada Ka\u0161tela<\/p>\n","protected":false},"excerpt":{"rendered":"<p>Ju\u010der je odr\u017eana 5. po redu sjednica Gradskog vije\u0107a. Ka\u0161telanski gradski vije\u0107nici su, nakon usvajanja zapisnika i vije\u0107ni\u010dkih pitanja, raspravljali [&hellip;]<\/p>\n","protected":false},"author":1,"featured_media":6237,"comment_status":"closed","ping_status":"open","sticky":false,"template":"","format":"standard","meta":{"_acf_changed":false,"footnotes":""},"categories":[1],"tags":[],"class_list":["post-6236","post","type-post","status-publish","format-standard","has-post-thumbnail","hentry","category-novosti"],"acf":[],"_links":{"self":[{"href":"https:\/\/kastela.hr\/en\/wp-json\/wp\/v2\/posts\/6236","targetHints":{"allow":["GET"]}}],"collection":[{"href":"https:\/\/kastela.hr\/en\/wp-json\/wp\/v2\/posts"}],"about":[{"href":"https:\/\/kastela.hr\/en\/wp-json\/wp\/v2\/types\/post"}],"author":[{"embeddable":true,"href":"https:\/\/kastela.hr\/en\/wp-json\/wp\/v2\/users\/1"}],"replies":[{"embeddable":true,"href":"https:\/\/kastela.hr\/en\/wp-json\/wp\/v2\/comments?post=6236"}],"version-history":[{"count":1,"href":"https:\/\/kastela.hr\/en\/wp-json\/wp\/v2\/posts\/6236\/revisions"}],"predecessor-version":[{"id":7265,"href":"https:\/\/kastela.hr\/en\/wp-json\/wp\/v2\/posts\/6236\/revisions\/7265"}],"wp:featuredmedia":[{"embeddable":true,"href":"https:\/\/kastela.hr\/en\/wp-json\/wp\/v2\/media\/6237"}],"wp:attachment":[{"href":"https:\/\/kastela.hr\/en\/wp-json\/wp\/v2\/media?parent=6236"}],"wp:term":[{"taxonomy":"category","embeddable":true,"href":"https:\/\/kastela.hr\/en\/wp-json\/wp\/v2\/categories?post=6236"},{"taxonomy":"post_tag","embeddable":true,"href":"https:\/\/kastela.hr\/en\/wp-json\/wp\/v2\/tags?post=6236"}],"curies":[{"name":"wp","href":"https:\/\/api.w.org\/{rel}","templated":true}]}}