{"id":6175,"date":"2018-09-24T11:19:00","date_gmt":"2018-09-24T09:19:00","guid":{"rendered":"https:\/\/kastela.hr\/en\/2018\/09\/24\/rezultati-izbora-za-clanove-vijeca-mjesnih-odbora-grada-kastela\/"},"modified":"2024-08-29T10:48:23","modified_gmt":"2024-08-29T08:48:23","slug":"rezultati-izbora-za-clanove-vijeca-mjesnih-odbora-grada-kastela","status":"publish","type":"post","link":"https:\/\/kastela.hr\/en\/2018\/09\/24\/rezultati-izbora-za-clanove-vijeca-mjesnih-odbora-grada-kastela\/","title":{"rendered":"Rezultati izbora za \u010dlanove vije\u0107a mjesnih odbora Grada Ka\u0161tela"},"content":{"rendered":"<p>Na temelju \u010dlanka 49. i 50. Odluke o izboru \u010dlanova vije\u0107a mjesnih odbora na podru\u010dju Grada Ka\u0161tela (Slu\u017ebeni glasnik Grada Ka\u0161tela, broj 2\/14 i 10\/18) Izborno povjerenstvo Grada Ka\u0161tela objavljuje rezultate izbora za \u010dlanove vije\u0107a mjesnih odbora koji su se odr\u017eali 23. rujna 2018. godine<\/p>\n","protected":false},"excerpt":{"rendered":"<p>Na temelju \u010dlanka 49. i 50. Odluke o izboru \u010dlanova vije\u0107a mjesnih odbora na podru\u010dju Grada Ka\u0161tela (Slu\u017ebeni glasnik Grada [&hellip;]<\/p>\n","protected":false},"author":1,"featured_media":6176,"comment_status":"closed","ping_status":"open","sticky":false,"template":"","format":"standard","meta":{"_acf_changed":false,"footnotes":""},"categories":[1],"tags":[],"class_list":["post-6175","post","type-post","status-publish","format-standard","has-post-thumbnail","hentry","category-novosti"],"acf":[],"_links":{"self":[{"href":"https:\/\/kastela.hr\/en\/wp-json\/wp\/v2\/posts\/6175","targetHints":{"allow":["GET"]}}],"collection":[{"href":"https:\/\/kastela.hr\/en\/wp-json\/wp\/v2\/posts"}],"about":[{"href":"https:\/\/kastela.hr\/en\/wp-json\/wp\/v2\/types\/post"}],"author":[{"embeddable":true,"href":"https:\/\/kastela.hr\/en\/wp-json\/wp\/v2\/users\/1"}],"replies":[{"embeddable":true,"href":"https:\/\/kastela.hr\/en\/wp-json\/wp\/v2\/comments?post=6175"}],"version-history":[{"count":1,"href":"https:\/\/kastela.hr\/en\/wp-json\/wp\/v2\/posts\/6175\/revisions"}],"predecessor-version":[{"id":7258,"href":"https:\/\/kastela.hr\/en\/wp-json\/wp\/v2\/posts\/6175\/revisions\/7258"}],"wp:featuredmedia":[{"embeddable":true,"href":"https:\/\/kastela.hr\/en\/wp-json\/wp\/v2\/media\/6176"}],"wp:attachment":[{"href":"https:\/\/kastela.hr\/en\/wp-json\/wp\/v2\/media?parent=6175"}],"wp:term":[{"taxonomy":"category","embeddable":true,"href":"https:\/\/kastela.hr\/en\/wp-json\/wp\/v2\/categories?post=6175"},{"taxonomy":"post_tag","embeddable":true,"href":"https:\/\/kastela.hr\/en\/wp-json\/wp\/v2\/tags?post=6175"}],"curies":[{"name":"wp","href":"https:\/\/api.w.org\/{rel}","templated":true}]}}