{"id":6167,"date":"2018-09-27T06:45:00","date_gmt":"2018-09-27T04:45:00","guid":{"rendered":"https:\/\/kastela.hr\/en\/2018\/09\/27\/video-odrzana-10-sjednica-gradskog-vijeca\/"},"modified":"2024-08-29T10:48:23","modified_gmt":"2024-08-29T08:48:23","slug":"video-odrzana-10-sjednica-gradskog-vijeca","status":"publish","type":"post","link":"https:\/\/kastela.hr\/en\/2018\/09\/27\/video-odrzana-10-sjednica-gradskog-vijeca\/","title":{"rendered":"VIDEO: Odr\u017eana 10. sjednica Gradskog vije\u0107a"},"content":{"rendered":"<p>Sjednica Gradskog vije\u0107a, 10. po redu u ovom sazivu, ju\u010der je zapo\u010dela usvajanjem zapisnika s 9. sjednice nakon \u010dega su uslijedila vije\u0107ni\u010dka pitanja i prijedlozi.<\/p>\n<p>&ldquo;Spojna cesta \u010dvor Vu\u010devica &ndash; \u010dvor Ka\u0161tel Kambelovac i Novi ulaz u Split&rdquo; nazivi su projekata koji su predstavljeni gradskim vije\u0107nicima u okviru to\u010dke dnevnog reda Informacija o tunelu kroz Kozjak.&nbsp;<b>Goran Pu\u017e<\/b>, predstojnik Ureda Uprave Hrvatskih cesta i&nbsp;<b>Neven Matijevi\u0107<\/b>, voditelj poslovne jednice Hrvatskih cesta Split predstavili su vije\u0107nicima sve mogu\u0107e verzije o tome kako bi tunel kroz Kozjak mogao spajati ka\u0161telansko zale\u0111e s obalom. Pritom su istaknuli da je veliki i va\u017ean kriterij o opravdanosti nove prometnice broj vozila koji bi se njome kretao i koji bi rije\u0161io prometne pote\u0161ko\u0107e.<\/p>\n<p>&ndash; S obzirom da su gradski vije\u0107nici u posljednje vrijeme tra\u017eili poja\u0161njenja o izgradnji tunela kroz Kozjak, pozvao sam predstavnike Hrvatskih cesta i oni su nam dali detaljni izvje\u0161taj. Predstavljena su mogu\u0107a rje\u0161enja koja \u0107e se financirati preko europskih fondova, pa \u0107emo dati struci da jo\u0161 malo poradi na tome. Obe\u0107ali su da \u0107e se obratiti Gradu Ka\u0161tela i dati nam mogu\u0107nost sudjelovanja u projektu \u0161to je sasvim opravdano &ndash; kazao je gradona\u010delnik&nbsp;<b>Denis Ivanovi\u0107<\/b>.<\/p>\n<p>Vije\u0107nici su usvojili Polugodi\u0161nji izvje\u0161taj o izvr\u0161enju Prora\u010duna Grada Ka\u0161tela za razdoblje sije\u010danj &ndash; lipanj 2018. godine i &nbsp;Prijedlog II.. Izmjena i dopuna Prora\u010duna Grada Ka\u0161tela za 2018. godinu. Kod rebalansa prora\u010duna pove\u0107ana je rashodovna strana sa 158 milijuna na 162 milijuna kuna. Najve\u0107i udjel rashoda odnosi se na Upravni odjel za komunalno gospodarstvo i imovinsko pravne odnose 32,86%, odnosno 53.493.957 kn, a zatim na UO za dru\u0161tvene djelatnosti 26,00%, odnosno 42.308.000 kn. Prora\u010dunskim korisnicima pripada 26.475.790 kn odnosno 16,27 % ukupnih rashoda od \u010dega najve\u0107i dio otpada na dje\u010dji vrti\u0107 i to ukupno 18.365.030 kn.<\/p>\n<p>Usvojenim Prijedlogom odluke o odre\u0111ivanju pravnih osoba od interesa za sustav civilne za\u0161tite na podru\u010dju Grada&nbsp;Ka\u0161tela odre\u0111ene su pravne osobe koje \u0107e pripremati i organizirati provedbu mjera i aktivnosti u sustavu civilne za\u0161tite i te sudjelovati u otklanjanju posljedica ve\u0107ih nesre\u0107a i katastrofa.<\/p>\n<p>Grad Ka\u0161tela \u0107e, prema usvojenom Prijedlogu odluke&nbsp;o davanju suglasnosti na Sporazum o provedbi postupka zajedni\u010dke javne nabave&nbsp;vatrogasnih vozila, sufinancirati kupnju tri vatrogasna vozila od ukupno 16 vozila koliko ih nabavlja Splitsko &ndash; dalmatinska \u017eupanija.<\/p>\n<p>Snimku 10. sjednice pogledajte u prilogu:<\/p>\n","protected":false},"excerpt":{"rendered":"<p>Sjednica Gradskog vije\u0107a, 10. po redu u ovom sazivu, ju\u010der je zapo\u010dela usvajanjem zapisnika s 9. sjednice nakon \u010dega su [&hellip;]<\/p>\n","protected":false},"author":7,"featured_media":6168,"comment_status":"closed","ping_status":"open","sticky":false,"template":"","format":"standard","meta":{"_acf_changed":false,"footnotes":""},"categories":[1],"tags":[],"class_list":["post-6167","post","type-post","status-publish","format-standard","has-post-thumbnail","hentry","category-novosti"],"acf":[],"_links":{"self":[{"href":"https:\/\/kastela.hr\/en\/wp-json\/wp\/v2\/posts\/6167","targetHints":{"allow":["GET"]}}],"collection":[{"href":"https:\/\/kastela.hr\/en\/wp-json\/wp\/v2\/posts"}],"about":[{"href":"https:\/\/kastela.hr\/en\/wp-json\/wp\/v2\/types\/post"}],"author":[{"embeddable":true,"href":"https:\/\/kastela.hr\/en\/wp-json\/wp\/v2\/users\/7"}],"replies":[{"embeddable":true,"href":"https:\/\/kastela.hr\/en\/wp-json\/wp\/v2\/comments?post=6167"}],"version-history":[{"count":1,"href":"https:\/\/kastela.hr\/en\/wp-json\/wp\/v2\/posts\/6167\/revisions"}],"predecessor-version":[{"id":7257,"href":"https:\/\/kastela.hr\/en\/wp-json\/wp\/v2\/posts\/6167\/revisions\/7257"}],"wp:featuredmedia":[{"embeddable":true,"href":"https:\/\/kastela.hr\/en\/wp-json\/wp\/v2\/media\/6168"}],"wp:attachment":[{"href":"https:\/\/kastela.hr\/en\/wp-json\/wp\/v2\/media?parent=6167"}],"wp:term":[{"taxonomy":"category","embeddable":true,"href":"https:\/\/kastela.hr\/en\/wp-json\/wp\/v2\/categories?post=6167"},{"taxonomy":"post_tag","embeddable":true,"href":"https:\/\/kastela.hr\/en\/wp-json\/wp\/v2\/tags?post=6167"}],"curies":[{"name":"wp","href":"https:\/\/api.w.org\/{rel}","templated":true}]}}