{"id":6149,"date":"2019-01-23T13:33:00","date_gmt":"2019-01-23T12:33:00","guid":{"rendered":"https:\/\/kastela.hr\/en\/2019\/01\/23\/sazvana-13-sjednica-gradskog-vijeca-2\/"},"modified":"2024-08-29T10:48:22","modified_gmt":"2024-08-29T08:48:22","slug":"sazvana-13-sjednica-gradskog-vijeca-2","status":"publish","type":"post","link":"https:\/\/kastela.hr\/en\/2019\/01\/23\/sazvana-13-sjednica-gradskog-vijeca-2\/","title":{"rendered":"Sazvana 13. sjednica Gradskog vije\u0107a"},"content":{"rendered":"<p><meta http-equiv=\"CONTENT-TYPE\" content=\"text\/html; charset=utf-8\" \/><meta name=\"GENERATOR\" content=\"OpenOffice.org 3.2  (Win32)\" \/><\/p>\n<style type=\"text\/css\"><!--\n\t\t@page { margin: 2cm }\n\t\tP { margin-bottom: 0.21cm }\n\t-->\n<\/style>\n<p>Predsjednik Gradskog vije\u0107a Ivan Udovi\u010di\u0107 sazvao je 13. sjednicu Gradskog vije\u0107a Grada Ka\u0161tela za dan 30. sije\u010dnja 2019. g. (srijeda) u 11 sati u Gradskoj vije\u0107nici. Dnevni red se sastoji od 19 to\u010daka:<\/p>\n<p>1. Izvje\u0161\u0107e Mandatne komisije<\/p>\n<p>&#8211; Izvjestitelj: Mili Novak predsjednik Mandatne komisije<\/p>\n<p>2. Usvajanje Zapisnika s 12. sjednice Gradskog vije\u0107a<\/p>\n<p>3. Vije\u0107ni\u010dka pitanja i prijedlozi<\/p>\n<p>4. a) Prijedlog odluke o imenovanju ravnatelja Muzeja grada Ka\u0161tela<\/p>\n<p>b) Prijedlog odluke o razrje\u0161enju v. d. ravnatelja Muzeja grada Ka\u0161tela<\/p>\n<p>&#8211; Izvjestiteljice: Sandra Zoki\u0107, pro\u010delnica Upravnog odjela za dru\u0161tvene djelatnosti i op\u0107e poslove<\/p>\n<p>5. Prijedlog odluke o visini pau\u0161alnog poreza po krevetu odnosno smje\u0161tajnoj jedinici u kampu<\/p>\n<p>&#8211; Izvjestiteljica: Matija Marija \u0110iki\u0107, pro\u010delnica Upravnog odjela za prora\u010dun, financije i javnu<\/p>\n<p>nabavu<\/p>\n<p>6. Prijedlog odluke o na\u010dinu pru\u017eanja javne usluge prikupljanja mije\u0161anog komunalnog otpada i<\/p>\n<p>biorazgradivog komunalnog otpada na podru\u010dju Grada Ka\u0161tela<\/p>\n<p>&#8211; Izvjestitelj: Alen Lu\u010di\u0107, direktor Zeleno i modro, d.o.o.<\/p>\n<p>7. Prijedlog Odluke o odre\u0111ivanju komunalnih djelatnosti koje se obavljaju na temelju ugovora o koncesiji<\/p>\n<p>8. Prijedlog odluke o odre\u0111ivanju komunalnih djelatnosti koje se obavljaju na temelju pisanog ugovora<\/p>\n<p>9. Prijedlog odluke o odre\u0111ivanju drugih djelatnosti koje se smatraju komunalnim djelatnostima<\/p>\n<p>10. Prijedlog odluke o povjeravanju obavljanja komunalnih djelatnosti<\/p>\n<p>11. Prijedlog odluke o dodjeli obavljanja javne usluge prikupljanja mije\u0161anog komunalnog otpada i<\/p>\n<p>biorazgradivog komunalnog otpada na podru\u010dju Grada Ka\u0161tela<\/p>\n<p>&#8211; Izvjestiteljica t. 7. do t. 11.: Marija Pelivan, pro\u010delnica Upravnog odjela za komunalno gospodarstvo i imovinsko pravne poslove<\/p>\n<p>12. Prijedlog odluke o izmjenama i dopunama Odluke o osnivanju Vlastitog pogona za obavljanje<\/p>\n<p>komunalnih djelatnosti u Gradu Ka\u0161tela<\/p>\n<p>&#8211; Izvjestitelj: Ivan \u010cagalj, upravitelj Vlastitog pogona<\/p>\n<p>13. Prijedlozi odluka o dodjeli javnih priznanja Grada Ka\u0161tela za 2018. godinu<\/p>\n<p>14. Prijedlog odluke o visini nov\u010dane nagrade dobitnicima javnih priznanja za 2018. godinu<\/p>\n<p>&#8211; Izvjestiteljica: t. 13. i t. 14.: Dina Bali\u0107, predsjednica Komisije za dodjelu javnih priznanja<\/p>\n<p>15 . Prijedlog programa kori\u0161tenja sredstava naknade za zadr\u017eavanje nezakonito izgra\u0111enih zgrada u prostoru na podru\u010dju Grada Ka\u0161tela<\/p>\n<p>&#8211; Izvjestitelj: Boris \u0160kara, pro\u010delnik Upravnog odjela za prostorno ure\u0111enje, gradnju i za\u0161titu okoli\u0161a<\/p>\n<p>16. Prijedlog odluke o uklju\u010divanju Grada Ka\u0161tela u provedbeni program izgradnje stanova po Programu dru\u0161tveno poticane stanogradnje &ndash; POS<\/p>\n<p>17. Prijedlog zaklju\u010dka o davanju mi\u0161ljenja o stjecanju prava vlasni\u0161tva nekretnine u Republici Hrvatskoj za norve\u0161kog dr\u017eavljanina Boru Divkovi\u0107a<\/p>\n<p>18. Prijedlog odluke o davanju suglasnosti Nogometnom klubu GO\u0160K Ka\u0161tel Gomilica za provedbu ulaganja u projekt<\/p>\n<p>19. Prijedlog odluke o javnom redu i miru<\/p>\n<p>&#8211; Izvjestiteljica t. 16. do t. 19.: Marija Pelivan, pro\u010delnica Upravnog odjela za komunalno gospodarstvo i imovinsko pravne poslove<\/p>\n<p>&nbsp;<\/p>\n<p>Napomena:<\/p>\n<p>Uvid u cjelokupnu dokumentaciju pod. to\u010dkama 4. i 14. mo\u017ee se izvr\u0161iti do po\u010detka sjednice.<\/p>\n<p>Materijal pod to\u010dkom 1. vije\u0107nicima \u0107e biti dostavljen do po\u010detka sjednice.<\/p>\n<p>&nbsp;<\/p>\n<p>\n<b>Materijale i poziv na 13. sjednicu Gradskog vije\u0107a mo\u017eete preuzeti&nbsp;linku ispod teksta<\/b><\/p>\n","protected":false},"excerpt":{"rendered":"<p>Predsjednik Gradskog vije\u0107a Ivan Udovi\u010di\u0107 sazvao je 13. sjednicu Gradskog vije\u0107a Grada Ka\u0161tela za dan 30. sije\u010dnja 2019. g. (srijeda) [&hellip;]<\/p>\n","protected":false},"author":7,"featured_media":6150,"comment_status":"closed","ping_status":"open","sticky":false,"template":"","format":"standard","meta":{"_acf_changed":false,"footnotes":""},"categories":[1],"tags":[],"class_list":["post-6149","post","type-post","status-publish","format-standard","has-post-thumbnail","hentry","category-novosti"],"acf":[],"_links":{"self":[{"href":"https:\/\/kastela.hr\/en\/wp-json\/wp\/v2\/posts\/6149","targetHints":{"allow":["GET"]}}],"collection":[{"href":"https:\/\/kastela.hr\/en\/wp-json\/wp\/v2\/posts"}],"about":[{"href":"https:\/\/kastela.hr\/en\/wp-json\/wp\/v2\/types\/post"}],"author":[{"embeddable":true,"href":"https:\/\/kastela.hr\/en\/wp-json\/wp\/v2\/users\/7"}],"replies":[{"embeddable":true,"href":"https:\/\/kastela.hr\/en\/wp-json\/wp\/v2\/comments?post=6149"}],"version-history":[{"count":1,"href":"https:\/\/kastela.hr\/en\/wp-json\/wp\/v2\/posts\/6149\/revisions"}],"predecessor-version":[{"id":7251,"href":"https:\/\/kastela.hr\/en\/wp-json\/wp\/v2\/posts\/6149\/revisions\/7251"}],"wp:featuredmedia":[{"embeddable":true,"href":"https:\/\/kastela.hr\/en\/wp-json\/wp\/v2\/media\/6150"}],"wp:attachment":[{"href":"https:\/\/kastela.hr\/en\/wp-json\/wp\/v2\/media?parent=6149"}],"wp:term":[{"taxonomy":"category","embeddable":true,"href":"https:\/\/kastela.hr\/en\/wp-json\/wp\/v2\/categories?post=6149"},{"taxonomy":"post_tag","embeddable":true,"href":"https:\/\/kastela.hr\/en\/wp-json\/wp\/v2\/tags?post=6149"}],"curies":[{"name":"wp","href":"https:\/\/api.w.org\/{rel}","templated":true}]}}