{"id":6146,"date":"2019-01-31T11:44:00","date_gmt":"2019-01-31T10:44:00","guid":{"rendered":"https:\/\/kastela.hr\/en\/2019\/01\/31\/video-odrzana-13-sjednica-gradskog-vijeca\/"},"modified":"2024-08-29T10:48:22","modified_gmt":"2024-08-29T08:48:22","slug":"video-odrzana-13-sjednica-gradskog-vijeca","status":"publish","type":"post","link":"https:\/\/kastela.hr\/en\/2019\/01\/31\/video-odrzana-13-sjednica-gradskog-vijeca\/","title":{"rendered":"VIDEO: Odr\u017eana 13. sjednica Gradskog vije\u0107a"},"content":{"rendered":"<p><meta http-equiv=\"CONTENT-TYPE\" content=\"text\/html; charset=utf-8\" \/><meta name=\"GENERATOR\" content=\"OpenOffice.org 3.2  (Win32)\" \/><\/p>\n<style type=\"text\/css\"><!--\n\t\t@page { margin: 2cm }\n\t\tP { margin-bottom: 0.21cm }\n\t-->\n<\/style>\n<\/p>\n<p>Sjednica Gradskog vije\u0107a, 13. po redu u ovom sazivu, zapo\u010dela je usvajanjem zapisnika s 12. sjednice nakon \u010dega je do\u0161lo do izmjene vije\u0107nika u redovima SDP-a. Svoj mandat iz stanja mirovanja, tijekom kojeg ga je mijenjala vije\u0107nica Ivana Marasovi\u0107, ponovno je aktivirao vije\u0107nik Matko Kuzmani\u0107, a u vije\u0107ni\u010dke klupe po prvi put u ovom sazivu sjeo je Filip Ple\u0107a\u0161 koji je pred gradskim vije\u0107nicima dao prisegu i tako zamijenio Tonija Rokova koji zbog osobnih razloga ne mo\u017ee obavljati du\u017enost vije\u0107nika.<\/p>\n<p>&nbsp;<\/p>\n<p>Nakon vije\u0107ni\u010dkih pitanja, vije\u0107nici su usvojili Prijedlog odluke o imenovanju Ivana \u0160ute ravnateljem Muzeja grada Ka\u0161tela. Prijedlog odluke o visini pau\u0161alnog poreza po krevetu odnosno smje\u0161tajnoj jedinici u kampu pro\u0161ao je jednoglasno \u0161to zna\u010di da se porez privatnim iznajmljiva\u010dima ne\u0107e pove\u0107avati. Najve\u0107i broj to\u010daka dnevnog reda odnosio se na komunalne usluge me\u0111u kojima je usvojen Prijedlog odluke o dodjeli obavljanja javne usluge prikupljanja mije\u0161anog i biorazgradivog komunalnog otpada na podru\u010dju grada Ka\u0161tela trgova\u010dkom dru\u0161tvu Zeleno i modro d.o.o.<\/p>\n<p>&nbsp;<\/p>\n<p>Tako\u0111er, usvojeni su Prijedlozi odluka o dodjeli javnih priznanja Grada Ka\u0161tela za 2018. godinu, Prijedlog odluke o uklju\u010divanju Grada Ka\u0161tela u provedbeni program izgradnje stanova po Programu dru\u0161tveno poticane stanogradnje &ndash; POS i Prijedlog odluke o javnom redu i miru.<\/p>\n<p><strong>Cjelokupnu snimku 13. sjednice Gradskog vije\u0107a mo\u017eete pogledati ispod teksta:<\/strong><\/p>\n","protected":false},"excerpt":{"rendered":"<p>Sjednica Gradskog vije\u0107a, 13. po redu u ovom sazivu, zapo\u010dela je usvajanjem zapisnika s 12. sjednice nakon \u010dega je do\u0161lo [&hellip;]<\/p>\n","protected":false},"author":7,"featured_media":6147,"comment_status":"closed","ping_status":"open","sticky":false,"template":"","format":"standard","meta":{"_acf_changed":false,"footnotes":""},"categories":[1],"tags":[],"class_list":["post-6146","post","type-post","status-publish","format-standard","has-post-thumbnail","hentry","category-novosti"],"acf":[],"_links":{"self":[{"href":"https:\/\/kastela.hr\/en\/wp-json\/wp\/v2\/posts\/6146","targetHints":{"allow":["GET"]}}],"collection":[{"href":"https:\/\/kastela.hr\/en\/wp-json\/wp\/v2\/posts"}],"about":[{"href":"https:\/\/kastela.hr\/en\/wp-json\/wp\/v2\/types\/post"}],"author":[{"embeddable":true,"href":"https:\/\/kastela.hr\/en\/wp-json\/wp\/v2\/users\/7"}],"replies":[{"embeddable":true,"href":"https:\/\/kastela.hr\/en\/wp-json\/wp\/v2\/comments?post=6146"}],"version-history":[{"count":1,"href":"https:\/\/kastela.hr\/en\/wp-json\/wp\/v2\/posts\/6146\/revisions"}],"predecessor-version":[{"id":7250,"href":"https:\/\/kastela.hr\/en\/wp-json\/wp\/v2\/posts\/6146\/revisions\/7250"}],"wp:featuredmedia":[{"embeddable":true,"href":"https:\/\/kastela.hr\/en\/wp-json\/wp\/v2\/media\/6147"}],"wp:attachment":[{"href":"https:\/\/kastela.hr\/en\/wp-json\/wp\/v2\/media?parent=6146"}],"wp:term":[{"taxonomy":"category","embeddable":true,"href":"https:\/\/kastela.hr\/en\/wp-json\/wp\/v2\/categories?post=6146"},{"taxonomy":"post_tag","embeddable":true,"href":"https:\/\/kastela.hr\/en\/wp-json\/wp\/v2\/tags?post=6146"}],"curies":[{"name":"wp","href":"https:\/\/api.w.org\/{rel}","templated":true}]}}