{"id":6120,"date":"2019-03-06T06:26:00","date_gmt":"2019-03-06T05:26:00","guid":{"rendered":"https:\/\/kastela.hr\/en\/2019\/03\/06\/video-povodom-dana-grada-kastela-odrzana-svecana-sjednica-gradskog-vijeca-3\/"},"modified":"2024-08-29T10:48:22","modified_gmt":"2024-08-29T08:48:22","slug":"video-povodom-dana-grada-kastela-odrzana-svecana-sjednica-gradskog-vijeca-3","status":"publish","type":"post","link":"https:\/\/kastela.hr\/en\/2019\/03\/06\/video-povodom-dana-grada-kastela-odrzana-svecana-sjednica-gradskog-vijeca-3\/","title":{"rendered":"VIDEO: Povodom Dana grada Ka\u0161tela odr\u017eana sve\u010dana sjednica Gradskog vije\u0107a"},"content":{"rendered":"<p>U nazo\u010dnosti ministra obrane i potpredsjednika Vlade Damira Krsti\u010devi\u0107a, zamjenika \u017eupana Luke Br\u010di\u0107a, splitskog gradona\u010delnika Andre Krstulovi\u0107a Opare, predstavnika gradova prijatelja iz vi\u0161e europskih dr\u017eava, izaslanstava susjednih gradova i op\u0107ina te predstavnika brojnih udruga, tvrtki i institucija, u restoranu Nautic u Ka\u0161tel Gomilici odr\u017eana je sve\u010dana sjednica Gradskog vije\u0107a povodom Dana grada Ka\u0161tela. Nakon pozdravnih rije\u010di predsjednika Gradskog vije\u0107a Ivana Udovi\u010di\u0107a, prisutni su imali priliku pogledati kratak promotivni film pod nazivom &quot;Ka\u0161tela &ndash; grad ugodnog \u017eivljenja&quot; u kojemu su prikazani svi va\u017eniji infrastrukturni projekti du\u017e cijele, gotovo 20 km duge obale, kao i brojne demografske mjere koje su uvedene u proteklom razdoblju.<\/p>\n<p>&#8211;&nbsp;S projektima na oko 15 lokacija, Ka\u0161tela su najve\u0107e gradili\u0161te u Splitsko -dalmatinskoj \u017eupaniji gdje ula\u017eemo 500 milijuna kuna, a cjelokupna ulaganja uskoro \u0107emo udvostru\u010diti. Nastavljamo i dalje naporno raditi za bolji i ljep\u0161i grad. Kao \u0161to sam vi\u0161e puta isticao, najve\u0107i prioriteti u mom mandatu, svakako \u0107e biti izgradnja komunalne infrastrukture, djeca i mladi kojima treba pokazati put i stvoriti uvjete da ostanu u svom gradu i da \u017eive od svog rada. Samo tako mo\u017eemo gledati u svjetliju i ljep\u0161u budu\u0107nost. Zahvalan sam svima koji doprinose na\u0161em razvoju, a prvenstveno na\u0161im dragim sugra\u0111anima &ndash; dio je iz govora ka\u0161telanskog gradona\u010delnika Denisa Ivanovi\u0107a.<\/p>\n<p>Zamjenik \u017eupana Luka Br\u010di\u0107 podsjetio je prisutne da Splitsko &ndash; dalmatinska \u017eupanija kontinuirano ula\u017ee u razvoj grada pod Kozjakom, a splitski gradona\u010delnik Andro Krstulovi\u0107 Opara pohvalio je rad svog ka\u0161telanskog kolege podsje\u0107aju\u0107i na to da se samo zajedni\u010dkim snagama mogu napraviti velike promjene.<\/p>\n<p>&#8211; Vlada RH kroz svoje projekte itekako poma\u017ee razvoju grada Ka\u0161tela, a tako \u0107e bit i ubudu\u0107e. Brojni se projekti koji su u realizaciji na podru\u010dju Ka\u0161tela sufinanciraju iz dr\u017eavnog prora\u010duna. To i jest pravi put ka razvoju jer svi zajedno moramo i jedino mo\u017eemo naprijed. Sve \u0161to radimo, radimo za na\u0161 narod. Gospodarski rast, odgovorno upravljanje javnim financijama, strukturne reforme, investicije &ndash; samo su neke od mjera koje provodi Vlada. BDP raste oko 3 posto, a za isto toliko se razdu\u017eujemo tijekom godine tako da se tro\u0161i onoliko koliko se ima &ndash; kazao je potpredsjednik Vlade Damir Krsti\u010devi\u0107.<\/p>\n<p>Ovom prilikom dodijeljene su i nagrade Grada Ka\u0161tela zaslu\u017enim pojedincima i udrugama.<\/p>\n<p>Nagrade za \u017eivotno djelo dobili su dugogodi\u0161nji vatrogasni djelatnik Ivica Batina te trenerica ma\u017eoretkinja, najvi\u0161e zaslu\u017ena za sve njihove trofeje, Alena Rako. Osobne godi\u0161nje nagrade oti\u0161le su u ruke, osim Milivoja Bratin\u010devi\u0107a iz dru\u0161tva Bija\u0107i i &nbsp;Ivice \u017degarca, dobrovoljnog darivatelja krvi i \u010dovjeka koji je cijeli svoj \u017eivot pposvetio razvoju dru\u0161tvenog i kulturnog \u017eivota grada, kao i nogometnom djelatniku Josipu Piri\u0107u te biv\u0161em luk\u0161i\u0107kom \u017eupniku don Stipanu \u0160urlinu. Skupna godi\u0161nja nagrada pripala je gimnasti\u010dkom klubu Ka\u0161tela, a osobna nagrada za humanost je uru\u010dena usvojiteljima Katarini i Kre\u0161imiru Vlahovi\u0107u koji su usvojili petero djece, pa su zbog toga, ovog puta dobili gromoglasan pljesak svih prisutnih.<\/p>\n<p>Osobne nagrade za dobrovoljne darivatelje krvi dobili su Branko Marinovi\u0107, Boris Petkovi\u0107 i Ivica Stri\u017ei\u0107 i to za 100 i vi\u0161e puta darovanu krv, a prema odluci gradskih vije\u0107nika, dobitnicima nagrade za \u017eivotno djelo, kao i nagra\u0111enim darivateljima krvi, pripala je i nov\u010dana nagrada u visini 10 tisu\u0107a kuna.<\/p>\n<p>U ime nagra\u0111enih ovog se dana zahvalio don Stipan \u0160urlin, zahvaliv\u0161i svima na razumijevanju i potpori, naglasiv\u0161i kako se nada da \u0107e svi dobitnici nagrada i dalje sudjelovati u javnom, dru\u0161tvenom, socijalnom i kulturnom \u017eivotu Ka\u0161tela i tako doprinositi razvoju grada.<\/p>\n<p>U prigodnom programu ovog su dana nastupili mali\u0161ani iz DV Ka\u0161tela, klapa Sveti Jeronim te Nedo Kova\u010dev uz pratnju Miroslava Mi\u0161e.<\/p>\n<p>U nastavku pogledajte video snimku sve\u010dane sjednice.<\/p>\n","protected":false},"excerpt":{"rendered":"<p>U nazo\u010dnosti ministra obrane i potpredsjednika Vlade Damira Krsti\u010devi\u0107a, zamjenika \u017eupana Luke Br\u010di\u0107a, splitskog gradona\u010delnika Andre Krstulovi\u0107a Opare, predstavnika gradova [&hellip;]<\/p>\n","protected":false},"author":7,"featured_media":6121,"comment_status":"closed","ping_status":"open","sticky":false,"template":"","format":"standard","meta":{"_acf_changed":false,"footnotes":""},"categories":[1],"tags":[],"class_list":["post-6120","post","type-post","status-publish","format-standard","has-post-thumbnail","hentry","category-novosti"],"acf":[],"_links":{"self":[{"href":"https:\/\/kastela.hr\/en\/wp-json\/wp\/v2\/posts\/6120","targetHints":{"allow":["GET"]}}],"collection":[{"href":"https:\/\/kastela.hr\/en\/wp-json\/wp\/v2\/posts"}],"about":[{"href":"https:\/\/kastela.hr\/en\/wp-json\/wp\/v2\/types\/post"}],"author":[{"embeddable":true,"href":"https:\/\/kastela.hr\/en\/wp-json\/wp\/v2\/users\/7"}],"replies":[{"embeddable":true,"href":"https:\/\/kastela.hr\/en\/wp-json\/wp\/v2\/comments?post=6120"}],"version-history":[{"count":1,"href":"https:\/\/kastela.hr\/en\/wp-json\/wp\/v2\/posts\/6120\/revisions"}],"predecessor-version":[{"id":7248,"href":"https:\/\/kastela.hr\/en\/wp-json\/wp\/v2\/posts\/6120\/revisions\/7248"}],"wp:featuredmedia":[{"embeddable":true,"href":"https:\/\/kastela.hr\/en\/wp-json\/wp\/v2\/media\/6121"}],"wp:attachment":[{"href":"https:\/\/kastela.hr\/en\/wp-json\/wp\/v2\/media?parent=6120"}],"wp:term":[{"taxonomy":"category","embeddable":true,"href":"https:\/\/kastela.hr\/en\/wp-json\/wp\/v2\/categories?post=6120"},{"taxonomy":"post_tag","embeddable":true,"href":"https:\/\/kastela.hr\/en\/wp-json\/wp\/v2\/tags?post=6120"}],"curies":[{"name":"wp","href":"https:\/\/api.w.org\/{rel}","templated":true}]}}