{"id":6061,"date":"2019-07-11T10:14:00","date_gmt":"2019-07-11T08:14:00","guid":{"rendered":"https:\/\/kastela.hr\/en\/2019\/07\/11\/prijem-za-kastelansku-ucenicu-jagodu-sabljic-dobitnicu-oskara-znanja\/"},"modified":"2024-08-29T10:48:22","modified_gmt":"2024-08-29T08:48:22","slug":"prijem-za-kastelansku-ucenicu-jagodu-sabljic-dobitnicu-oskara-znanja","status":"publish","type":"post","link":"https:\/\/kastela.hr\/en\/2019\/07\/11\/prijem-za-kastelansku-ucenicu-jagodu-sabljic-dobitnicu-oskara-znanja\/","title":{"rendered":"Prijem za ka\u0161telansku u\u010denicu Jagodu Sablji\u0107, dobitnicu Oskara znanja"},"content":{"rendered":"<p>Nagradu Oskar znanja ove godine je osvojila i jedna ka\u0161telanska u\u010denica. Rije\u010d je o Jagodi Sablji\u0107, u\u010denici osmog razreda osnovne \u0161kole &bdquo;prof. Filip Lukas&ldquo; iz Ka\u0161tel Starog koja je osvojila prvo mjesto u pojedina\u010dnom natjecanju iz debate. Gradona\u010delnik Denis Ivanovi\u0107 zajedno sa svojom zamjenicom Jadrankom Matok Bosan\u010di\u0107 uprili\u010dio je prijem za ovu nagra\u0111enu ka\u0161telansku u\u010denicu koja je stigla u pratnji svoje mentorice, pedagoginje Finke Ivanovi\u0107 i ravnatelja \u0161kole Petra Mustapi\u0107a.<\/p>\n<p>&#8211; \u010cestitam na\u0161oj u\u010denici na osvojenom Oskaru znanja iz debate jer je jako va\u017eno nau\u010diti na pravilan na\u010din iznijeti svoje argumentirane stavove. Ovo je iznimno priznanje, a Grad \u0107e na\u0161im u\u010denicima i studentima uvijek biti potpora kad su u pitanju ovakva i sli\u010dna natjecanja jer su mladi na\u0161a budu\u0107nost &ndash; kazala je zamjenica gradona\u010delnika Matok Bosan\u010di\u0107.<\/p>\n<p>&#8211; Pripreme za natjecanje sastojale su se od istra\u017eivanja zadane teme, i\u0161\u010ditavanja literature na vi\u0161e jezika te prikupljanja statisti\u010dkih podataka s obzirom da sve tvrdnje trebaju biti potkrijepljene vjerodostojnim \u010dinjenicama. Debatiramo sa stane afirmacije i negacije tako da tezu potvr\u0111ujemo ili negiramo, a konkurencija na natjecanju je bila iznimno jaka u \u010demu su se posebno istaknule zagreba\u010dke ekipe &ndash; kazala je mlada Jagoda Sablji\u0107 koja se vidi u nekom zanimanju koje zahtijeva iznimne govorni\u010dke sposobnosti, a na jesen kre\u0107e u V. gimnaziju Vladimira Nazora u Splitu.<\/p>\n<p>&#8211; Ovaj veliki uspjeh nije samo promocija na\u0161e \u0161kole i grada, ve\u0107 i cijele Dalmacije jer je Jagoda na \u017eupanijskoj razini prethodno osvojila sve mogu\u0107e nagrade da bi u Zagrebu osvojila i Oskar znanja. Za nas je ovakva vrsta natjecanja ne\u0161to novo i izuzetna mi je \u010dast \u0161to je u\u010denica na\u0161e \u0161kole bila najbolja na dr\u017eavnoj razini &ndash; istaknuo je ravnatelj \u0161kole Petar Mustapi\u0107.<\/p>\n<p>Oskar znanja je najve\u0107e priznanje kojim se ve\u0107 15 godina nagra\u0111uju uspje\u0161ni i izvrsni u\u010denici i njihovi u\u010ditelji te nastavnici mentori. Sve\u010danu dodjelu Oskara znanja na Ekonomskom fakultetu u Zagrebu, organizirali su Agencija za odgoj i obrazovanje u suradnji s Ministarstvom znanosti i obrazovanja i uz potporu Hrvatske zajednice \u017eupanija.<\/p>\n<p>&nbsp;<\/p>\n","protected":false},"excerpt":{"rendered":"<p>Nagradu Oskar znanja ove godine je osvojila i jedna ka\u0161telanska u\u010denica. Rije\u010d je o Jagodi Sablji\u0107, u\u010denici osmog razreda osnovne [&hellip;]<\/p>\n","protected":false},"author":7,"featured_media":6062,"comment_status":"closed","ping_status":"open","sticky":false,"template":"","format":"standard","meta":{"_acf_changed":false,"footnotes":""},"categories":[1],"tags":[],"class_list":["post-6061","post","type-post","status-publish","format-standard","has-post-thumbnail","hentry","category-novosti"],"acf":[],"_links":{"self":[{"href":"https:\/\/kastela.hr\/en\/wp-json\/wp\/v2\/posts\/6061","targetHints":{"allow":["GET"]}}],"collection":[{"href":"https:\/\/kastela.hr\/en\/wp-json\/wp\/v2\/posts"}],"about":[{"href":"https:\/\/kastela.hr\/en\/wp-json\/wp\/v2\/types\/post"}],"author":[{"embeddable":true,"href":"https:\/\/kastela.hr\/en\/wp-json\/wp\/v2\/users\/7"}],"replies":[{"embeddable":true,"href":"https:\/\/kastela.hr\/en\/wp-json\/wp\/v2\/comments?post=6061"}],"version-history":[{"count":1,"href":"https:\/\/kastela.hr\/en\/wp-json\/wp\/v2\/posts\/6061\/revisions"}],"predecessor-version":[{"id":7236,"href":"https:\/\/kastela.hr\/en\/wp-json\/wp\/v2\/posts\/6061\/revisions\/7236"}],"wp:featuredmedia":[{"embeddable":true,"href":"https:\/\/kastela.hr\/en\/wp-json\/wp\/v2\/media\/6062"}],"wp:attachment":[{"href":"https:\/\/kastela.hr\/en\/wp-json\/wp\/v2\/media?parent=6061"}],"wp:term":[{"taxonomy":"category","embeddable":true,"href":"https:\/\/kastela.hr\/en\/wp-json\/wp\/v2\/categories?post=6061"},{"taxonomy":"post_tag","embeddable":true,"href":"https:\/\/kastela.hr\/en\/wp-json\/wp\/v2\/tags?post=6061"}],"curies":[{"name":"wp","href":"https:\/\/api.w.org\/{rel}","templated":true}]}}