{"id":6058,"date":"2019-07-12T05:16:00","date_gmt":"2019-07-12T03:16:00","guid":{"rendered":"https:\/\/kastela.hr\/en\/2019\/07\/12\/za-vikend-igrokazi-predstave-za-djecu-i-koncert-ive-perkusica\/"},"modified":"2024-08-29T10:48:22","modified_gmt":"2024-08-29T08:48:22","slug":"za-vikend-igrokazi-predstave-za-djecu-i-koncert-ive-perkusica","status":"publish","type":"post","link":"https:\/\/kastela.hr\/en\/2019\/07\/12\/za-vikend-igrokazi-predstave-za-djecu-i-koncert-ive-perkusica\/","title":{"rendered":"Za vikend igrokazi, predstave za djecu i koncert Ive Perku\u0161i\u0107a"},"content":{"rendered":"<p>Program 21. Ka\u0161telanskog kulturnog ljeta nastavlja se i ovoga vikenda. U subotu 13. srpnja i nedjelju 14. srpnja s po\u010detkom u 20:30 sati ispred Glazbene \u0161kole u Ka\u0161tel Kambelovcu odr\u017eat \u0107e se dramski i glazbeni program za djecu i mlade &bdquo;Timbar&ldquo;, a organizator je KUD Karol Wojtyla.<\/p>\n<p>Tako\u0111er u nedjelju, 14. srpnja s po\u010detkom u 21 sat na brcu u Ka\u0161tel Kambelovcu odr\u017eat \u0107e se koncert &bdquo;Fado Night&ldquo; u izvedbi Ive Perku\u0161i\u0107a i FADOS-a.<\/p>\n<p>U ponedjeljak, 15. srpnja s po\u010detkom u 20:30 sati u \u0161kolskom botani\u010dkom vrtu O\u0160 Ostrog u Ka\u0161tel Luk\u0161i\u0107u odr\u017eat \u0107e se predstava za djecu &bdquo;Tonka Bontonka&ldquo; u izvedbi Dunje Fajdi\u0107 i Igora Bajsa iz GK Scena Gorica.<\/p>\n<p>Ulaz na sva doga\u0111anja je slobodan.<\/p>\n<p>&nbsp;<\/p>\n<p>&nbsp;<\/p>\n","protected":false},"excerpt":{"rendered":"<p>Program 21. Ka\u0161telanskog kulturnog ljeta nastavlja se i ovoga vikenda. U subotu 13. srpnja i nedjelju 14. srpnja s po\u010detkom [&hellip;]<\/p>\n","protected":false},"author":7,"featured_media":6059,"comment_status":"closed","ping_status":"open","sticky":false,"template":"","format":"standard","meta":{"_acf_changed":false,"footnotes":""},"categories":[1],"tags":[],"class_list":["post-6058","post","type-post","status-publish","format-standard","has-post-thumbnail","hentry","category-novosti"],"acf":[],"_links":{"self":[{"href":"https:\/\/kastela.hr\/en\/wp-json\/wp\/v2\/posts\/6058","targetHints":{"allow":["GET"]}}],"collection":[{"href":"https:\/\/kastela.hr\/en\/wp-json\/wp\/v2\/posts"}],"about":[{"href":"https:\/\/kastela.hr\/en\/wp-json\/wp\/v2\/types\/post"}],"author":[{"embeddable":true,"href":"https:\/\/kastela.hr\/en\/wp-json\/wp\/v2\/users\/7"}],"replies":[{"embeddable":true,"href":"https:\/\/kastela.hr\/en\/wp-json\/wp\/v2\/comments?post=6058"}],"version-history":[{"count":1,"href":"https:\/\/kastela.hr\/en\/wp-json\/wp\/v2\/posts\/6058\/revisions"}],"predecessor-version":[{"id":7235,"href":"https:\/\/kastela.hr\/en\/wp-json\/wp\/v2\/posts\/6058\/revisions\/7235"}],"wp:featuredmedia":[{"embeddable":true,"href":"https:\/\/kastela.hr\/en\/wp-json\/wp\/v2\/media\/6059"}],"wp:attachment":[{"href":"https:\/\/kastela.hr\/en\/wp-json\/wp\/v2\/media?parent=6058"}],"wp:term":[{"taxonomy":"category","embeddable":true,"href":"https:\/\/kastela.hr\/en\/wp-json\/wp\/v2\/categories?post=6058"},{"taxonomy":"post_tag","embeddable":true,"href":"https:\/\/kastela.hr\/en\/wp-json\/wp\/v2\/tags?post=6058"}],"curies":[{"name":"wp","href":"https:\/\/api.w.org\/{rel}","templated":true}]}}