{"id":6050,"date":"2019-07-16T03:47:00","date_gmt":"2019-07-16T01:47:00","guid":{"rendered":"https:\/\/kastela.hr\/en\/2019\/07\/16\/nase-cakule-na-brcu-u-kastel-starom\/"},"modified":"2024-08-29T10:48:22","modified_gmt":"2024-08-29T08:48:22","slug":"nase-cakule-na-brcu-u-kastel-starom","status":"publish","type":"post","link":"https:\/\/kastela.hr\/en\/2019\/07\/16\/nase-cakule-na-brcu-u-kastel-starom\/","title":{"rendered":"\u201eNa\u0161e \u010dakule\u201c na brcu u Ka\u0161tel Starom"},"content":{"rendered":"<p>Predstava pod nazivom &bdquo;Na\u0161e \u010dakule&ldquo; u izvedbi \u010dlanova dramske grupe Bubice Udruge tjelesnih invalida Ka\u0161tela, odr\u017eat \u0107e se ve\u010deras, 16. srpnja na brcu u Ka\u0161tel Starom s po\u010detkom u 21 sat.<\/p>\n<p>Predstava je trebala biti izvedena 9. srpnja, a zbog nepovoljnih meteorolo\u0161kih prilika izvo\u0111enje predstave odgo\u0111eno je za ve\u010deras.<\/p>\n<p>&nbsp;<\/p>\n<p>&nbsp;<\/p>\n","protected":false},"excerpt":{"rendered":"<p>Predstava pod nazivom &bdquo;Na\u0161e \u010dakule&ldquo; u izvedbi \u010dlanova dramske grupe Bubice Udruge tjelesnih invalida Ka\u0161tela, odr\u017eat \u0107e se ve\u010deras, 16. [&hellip;]<\/p>\n","protected":false},"author":7,"featured_media":6051,"comment_status":"closed","ping_status":"open","sticky":false,"template":"","format":"standard","meta":{"_acf_changed":false,"footnotes":""},"categories":[1],"tags":[],"class_list":["post-6050","post","type-post","status-publish","format-standard","has-post-thumbnail","hentry","category-novosti"],"acf":[],"_links":{"self":[{"href":"https:\/\/kastela.hr\/en\/wp-json\/wp\/v2\/posts\/6050","targetHints":{"allow":["GET"]}}],"collection":[{"href":"https:\/\/kastela.hr\/en\/wp-json\/wp\/v2\/posts"}],"about":[{"href":"https:\/\/kastela.hr\/en\/wp-json\/wp\/v2\/types\/post"}],"author":[{"embeddable":true,"href":"https:\/\/kastela.hr\/en\/wp-json\/wp\/v2\/users\/7"}],"replies":[{"embeddable":true,"href":"https:\/\/kastela.hr\/en\/wp-json\/wp\/v2\/comments?post=6050"}],"version-history":[{"count":1,"href":"https:\/\/kastela.hr\/en\/wp-json\/wp\/v2\/posts\/6050\/revisions"}],"predecessor-version":[{"id":7233,"href":"https:\/\/kastela.hr\/en\/wp-json\/wp\/v2\/posts\/6050\/revisions\/7233"}],"wp:featuredmedia":[{"embeddable":true,"href":"https:\/\/kastela.hr\/en\/wp-json\/wp\/v2\/media\/6051"}],"wp:attachment":[{"href":"https:\/\/kastela.hr\/en\/wp-json\/wp\/v2\/media?parent=6050"}],"wp:term":[{"taxonomy":"category","embeddable":true,"href":"https:\/\/kastela.hr\/en\/wp-json\/wp\/v2\/categories?post=6050"},{"taxonomy":"post_tag","embeddable":true,"href":"https:\/\/kastela.hr\/en\/wp-json\/wp\/v2\/tags?post=6050"}],"curies":[{"name":"wp","href":"https:\/\/api.w.org\/{rel}","templated":true}]}}