{"id":6047,"date":"2019-07-16T06:57:00","date_gmt":"2019-07-16T04:57:00","guid":{"rendered":"https:\/\/kastela.hr\/en\/2019\/07\/16\/zivotna-komedija-kumovi-17-medunarodni-festival-folklora-i-koncert-zagrebackog-kvarteta-pred-kastelanskom-publikom\/"},"modified":"2024-08-29T10:48:22","modified_gmt":"2024-08-29T08:48:22","slug":"zivotna-komedija-kumovi-17-medunarodni-festival-folklora-i-koncert-zagrebackog-kvarteta-pred-kastelanskom-publikom","status":"publish","type":"post","link":"https:\/\/kastela.hr\/en\/2019\/07\/16\/zivotna-komedija-kumovi-17-medunarodni-festival-folklora-i-koncert-zagrebackog-kvarteta-pred-kastelanskom-publikom\/","title":{"rendered":"\u017divotna komedija \u201eKumovi\u201c, 17. Me\u0111unarodni festival folklora i koncert Zagreba\u010dkog kvarteta pred ka\u0161telanskom publikom"},"content":{"rendered":"<p>Program 21. Ka\u0161telanskog kulturnog ljeta nastavlja se i ovoga tjedna. Ove srijede, 17. srpnja s po\u010detkom u 21 sat ispred Ka\u0161tilca u Ka\u0161tel Gomilici na rasporedu je \u017eivotna komedija &bdquo;Kumovi&ldquo; u ulogama Ivane Giove \u017dupa, Marijana Grbavca, Gordane Kapi\u0107, Ane Vido\u0161evi\u0107 i Mate Tavri\u0107a prema tekstu D. Kova\u010devi\u0107a u izvedbi amaterskog kazali\u0161ta &ldquo;Mali princ&rdquo; iz Omi\u0161a.<\/p>\n<p>U \u010detvrtak, 18. srpnja s po\u010detkom u 21 sat uz crkvu svetog Mihovila u Ka\u0161tel Kambelovcu odr\u017eat \u0107e se 17. Me\u0111unarodni festival folklora &bdquo;Za jubav tance igra\u0161e&ldquo; u organizaciji KUD-a Ante Zaninovi\u0107.<\/p>\n<p>U petak, 19. srpnja s po\u010detkom u 21 sat u ka\u0161telu Vitturi u Ka\u0161tel Luk\u0161i\u0107u odr\u017eat \u0107e se koncert Zagreba\u010dkog kvarteta uz 100. obljetnicu djelovanja. Organizator koncerta je Grad Ka\u0161tela, a ulaz na sva doga\u0111anja je slobodan.<\/p>\n<p>&nbsp;<\/p>\n<p>&nbsp;<\/p>\n<p>&nbsp;<\/p>\n<p>&nbsp;<\/p>\n","protected":false},"excerpt":{"rendered":"<p>Program 21. Ka\u0161telanskog kulturnog ljeta nastavlja se i ovoga tjedna. Ove srijede, 17. srpnja s po\u010detkom u 21 sat ispred [&hellip;]<\/p>\n","protected":false},"author":7,"featured_media":6048,"comment_status":"closed","ping_status":"open","sticky":false,"template":"","format":"standard","meta":{"_acf_changed":false,"footnotes":""},"categories":[1],"tags":[],"class_list":["post-6047","post","type-post","status-publish","format-standard","has-post-thumbnail","hentry","category-novosti"],"acf":[],"_links":{"self":[{"href":"https:\/\/kastela.hr\/en\/wp-json\/wp\/v2\/posts\/6047","targetHints":{"allow":["GET"]}}],"collection":[{"href":"https:\/\/kastela.hr\/en\/wp-json\/wp\/v2\/posts"}],"about":[{"href":"https:\/\/kastela.hr\/en\/wp-json\/wp\/v2\/types\/post"}],"author":[{"embeddable":true,"href":"https:\/\/kastela.hr\/en\/wp-json\/wp\/v2\/users\/7"}],"replies":[{"embeddable":true,"href":"https:\/\/kastela.hr\/en\/wp-json\/wp\/v2\/comments?post=6047"}],"version-history":[{"count":1,"href":"https:\/\/kastela.hr\/en\/wp-json\/wp\/v2\/posts\/6047\/revisions"}],"predecessor-version":[{"id":7232,"href":"https:\/\/kastela.hr\/en\/wp-json\/wp\/v2\/posts\/6047\/revisions\/7232"}],"wp:featuredmedia":[{"embeddable":true,"href":"https:\/\/kastela.hr\/en\/wp-json\/wp\/v2\/media\/6048"}],"wp:attachment":[{"href":"https:\/\/kastela.hr\/en\/wp-json\/wp\/v2\/media?parent=6047"}],"wp:term":[{"taxonomy":"category","embeddable":true,"href":"https:\/\/kastela.hr\/en\/wp-json\/wp\/v2\/categories?post=6047"},{"taxonomy":"post_tag","embeddable":true,"href":"https:\/\/kastela.hr\/en\/wp-json\/wp\/v2\/tags?post=6047"}],"curies":[{"name":"wp","href":"https:\/\/api.w.org\/{rel}","templated":true}]}}