{"id":6044,"date":"2019-07-17T03:53:00","date_gmt":"2019-07-17T01:53:00","guid":{"rendered":"https:\/\/kastela.hr\/en\/2019\/07\/17\/ovoga-vikenda-feste-u-kastel-sucurcu-i-kastel-luksicu\/"},"modified":"2024-08-29T10:48:22","modified_gmt":"2024-08-29T08:48:22","slug":"ovoga-vikenda-feste-u-kastel-sucurcu-i-kastel-luksicu","status":"publish","type":"post","link":"https:\/\/kastela.hr\/en\/2019\/07\/17\/ovoga-vikenda-feste-u-kastel-sucurcu-i-kastel-luksicu\/","title":{"rendered":"Ovoga vikenda fe\u0161te u Ka\u0161tel Su\u0107urcu i Ka\u0161tel Luk\u0161i\u0107u"},"content":{"rendered":"<p>Iako se ne nalaze u okviru programa 21. Ka\u0161telanskog kulturnog ljeta, pu\u010dke fe\u0161te zasigurno su jedan od omiljenih doga\u0111aja na podru\u010dju Ka\u0161tela pa \u0107e se tako ove subote, 20. srpnja&nbsp;odr\u017eati dvije fe\u0161te.<\/p>\n<p>U 20 sati na mulu u Ka\u0161tel Su\u0107urcu zapo\u010dinje Planinarska no\u0107 u povodu 70 obljetnice Hrvatskog planinarskog dru\u0161tva Kozjak, a osim dobre spize, publiku \u0107e zabavljati Gustafi.<\/p>\n<p>Na brcu u Ka\u0161tel Luk\u0161i\u0107u s po\u010detkom u 20 sati odr\u017eat \u0107e se Lova\u010dka fe\u0161ta koju organiziraju Udruga Miljenko i Dobrila i Lova\u010dka udruga Ka\u0161tilac<\/p>\n","protected":false},"excerpt":{"rendered":"<p>Iako se ne nalaze u okviru programa 21. Ka\u0161telanskog kulturnog ljeta, pu\u010dke fe\u0161te zasigurno su jedan od omiljenih doga\u0111aja na [&hellip;]<\/p>\n","protected":false},"author":7,"featured_media":6045,"comment_status":"closed","ping_status":"open","sticky":false,"template":"","format":"standard","meta":{"_acf_changed":false,"footnotes":""},"categories":[1],"tags":[],"class_list":["post-6044","post","type-post","status-publish","format-standard","has-post-thumbnail","hentry","category-novosti"],"acf":[],"_links":{"self":[{"href":"https:\/\/kastela.hr\/en\/wp-json\/wp\/v2\/posts\/6044","targetHints":{"allow":["GET"]}}],"collection":[{"href":"https:\/\/kastela.hr\/en\/wp-json\/wp\/v2\/posts"}],"about":[{"href":"https:\/\/kastela.hr\/en\/wp-json\/wp\/v2\/types\/post"}],"author":[{"embeddable":true,"href":"https:\/\/kastela.hr\/en\/wp-json\/wp\/v2\/users\/7"}],"replies":[{"embeddable":true,"href":"https:\/\/kastela.hr\/en\/wp-json\/wp\/v2\/comments?post=6044"}],"version-history":[{"count":1,"href":"https:\/\/kastela.hr\/en\/wp-json\/wp\/v2\/posts\/6044\/revisions"}],"predecessor-version":[{"id":7231,"href":"https:\/\/kastela.hr\/en\/wp-json\/wp\/v2\/posts\/6044\/revisions\/7231"}],"wp:featuredmedia":[{"embeddable":true,"href":"https:\/\/kastela.hr\/en\/wp-json\/wp\/v2\/media\/6045"}],"wp:attachment":[{"href":"https:\/\/kastela.hr\/en\/wp-json\/wp\/v2\/media?parent=6044"}],"wp:term":[{"taxonomy":"category","embeddable":true,"href":"https:\/\/kastela.hr\/en\/wp-json\/wp\/v2\/categories?post=6044"},{"taxonomy":"post_tag","embeddable":true,"href":"https:\/\/kastela.hr\/en\/wp-json\/wp\/v2\/tags?post=6044"}],"curies":[{"name":"wp","href":"https:\/\/api.w.org\/{rel}","templated":true}]}}