{"id":6041,"date":"2019-07-17T03:59:00","date_gmt":"2019-07-17T01:59:00","guid":{"rendered":"https:\/\/kastela.hr\/en\/2019\/07\/17\/veceri-dalmatinske-pisme-ovoga-vikenda-u-kastel-kambelovcu\/"},"modified":"2024-08-29T10:48:22","modified_gmt":"2024-08-29T08:48:22","slug":"veceri-dalmatinske-pisme-ovoga-vikenda-u-kastel-kambelovcu","status":"publish","type":"post","link":"https:\/\/kastela.hr\/en\/2019\/07\/17\/veceri-dalmatinske-pisme-ovoga-vikenda-u-kastel-kambelovcu\/","title":{"rendered":"Ve\u010deri dalmatinske pisme ovoga vikenda u Ka\u0161tel Kambelovcu"},"content":{"rendered":"<p>Ve\u010deri&nbsp;dalmatinske pisme u Ka\u0161telima i ove godine nudi dvije zanimljive glazbene ve\u010deri. Dosada\u0161njih godina su se u okviru prve ve\u010deri odr\u017eavali koncerti izvo\u0111a\u010da \u010dija je glazba obilje\u017eena Dalmacijom i Mediteranom.<\/p>\n<p>Nakon niza sjajnih koncerata (klapa Sveti Juraj i Tambura\u0161ki orkestar HRT, \u010cetiri tenora, Tomislav Brali\u0107 i klapa Intrade) do\u0161ao je na red jedan od na\u0161ih zna\u010dajnijih suvremenih kantautora &ndash; Harija Ron\u010devi\u0107a. On ove&nbsp;godine slavi 25 godina glazbene karijere koju je odlu\u010dio obilje\u017eiti s dva velika koncerta. Jedan je ve\u0107 odr\u017ean u zagreba\u010dkom Domu sportova, dok \u0107e se drugi odr\u017eati na pozornici ka\u0161telanskog festivala 20. srpnja. Publika \u0107e tako imati prilike u\u017eivati u hitovima koje je pisao za sebe ali i za druge eminentne izvo\u0111a\u010de na hrvatskoj estradnoj sceni. &bdquo;Moj lipi an\u0111ele&ldquo;, &bdquo;Ako voli\u0161 me&ldquo;, &bdquo;Aj \u0107a volin te&ldquo;, &bdquo;Nisam vi\u0161e tvoj&ldquo; i mnoge druge.<\/p>\n<p>Na istoj pozornici sutradan \u0107e se odr\u017eati Ka\u0161telanski \u0111ir. Okupit \u0107e se 19 klapa koje \u0107e uz orkestar izvesti nove autorske skladbe. Spajanjem tradicijske i popularne kulture ovaj festival je dobio posebno mjesto na kulturnoj sceni \u0161to najbolje potvr\u0111uje interes publike i samih izvo\u0111a\u010da. Nastupiti \u0107e klape: Cambi, Branimir Bubica i Sebenico, More, Ka\u0161e, Subrenum, Neverin, Trogirski kanti, Kampaneli Donja Ka\u0161tela, \u0160torija, Biograd i TS Hrvatski sokoli, Fjoret, Zvizdan, Sveti Jeronim, Kolapjani, Koprivnica, Mindula, Munita, Spalatos i \u017dirje. Festival \u0107e se odr\u017eati na poljani pokraj crkve Svetog Mihovila u Ka\u0161tel Kambelovcu s po\u010detkom u 21 sat, a program \u0107e voditi Frano Ridjan i Mariola Milardovi\u0107 Peri\u0107.<\/p>\n<p>&nbsp;<\/p>\n","protected":false},"excerpt":{"rendered":"<p>Ve\u010deri&nbsp;dalmatinske pisme u Ka\u0161telima i ove godine nudi dvije zanimljive glazbene ve\u010deri. Dosada\u0161njih godina su se u okviru prve ve\u010deri [&hellip;]<\/p>\n","protected":false},"author":7,"featured_media":6042,"comment_status":"closed","ping_status":"open","sticky":false,"template":"","format":"standard","meta":{"_acf_changed":false,"footnotes":""},"categories":[1],"tags":[],"class_list":["post-6041","post","type-post","status-publish","format-standard","has-post-thumbnail","hentry","category-novosti"],"acf":[],"_links":{"self":[{"href":"https:\/\/kastela.hr\/en\/wp-json\/wp\/v2\/posts\/6041","targetHints":{"allow":["GET"]}}],"collection":[{"href":"https:\/\/kastela.hr\/en\/wp-json\/wp\/v2\/posts"}],"about":[{"href":"https:\/\/kastela.hr\/en\/wp-json\/wp\/v2\/types\/post"}],"author":[{"embeddable":true,"href":"https:\/\/kastela.hr\/en\/wp-json\/wp\/v2\/users\/7"}],"replies":[{"embeddable":true,"href":"https:\/\/kastela.hr\/en\/wp-json\/wp\/v2\/comments?post=6041"}],"version-history":[{"count":1,"href":"https:\/\/kastela.hr\/en\/wp-json\/wp\/v2\/posts\/6041\/revisions"}],"predecessor-version":[{"id":7230,"href":"https:\/\/kastela.hr\/en\/wp-json\/wp\/v2\/posts\/6041\/revisions\/7230"}],"wp:featuredmedia":[{"embeddable":true,"href":"https:\/\/kastela.hr\/en\/wp-json\/wp\/v2\/media\/6042"}],"wp:attachment":[{"href":"https:\/\/kastela.hr\/en\/wp-json\/wp\/v2\/media?parent=6041"}],"wp:term":[{"taxonomy":"category","embeddable":true,"href":"https:\/\/kastela.hr\/en\/wp-json\/wp\/v2\/categories?post=6041"},{"taxonomy":"post_tag","embeddable":true,"href":"https:\/\/kastela.hr\/en\/wp-json\/wp\/v2\/tags?post=6041"}],"curies":[{"name":"wp","href":"https:\/\/api.w.org\/{rel}","templated":true}]}}