{"id":6032,"date":"2019-07-19T06:25:00","date_gmt":"2019-07-19T04:25:00","guid":{"rendered":"https:\/\/kastela.hr\/en\/2019\/07\/19\/gradonacelnik-primio-predstavnike-folklora-iz-poljske-slovacke-i-rusije\/"},"modified":"2024-08-29T10:48:22","modified_gmt":"2024-08-29T08:48:22","slug":"gradonacelnik-primio-predstavnike-folklora-iz-poljske-slovacke-i-rusije","status":"publish","type":"post","link":"https:\/\/kastela.hr\/en\/2019\/07\/19\/gradonacelnik-primio-predstavnike-folklora-iz-poljske-slovacke-i-rusije\/","title":{"rendered":"Gradona\u010delnik primio predstavnike folklora iz Poljske, Slova\u010dke i Rusije"},"content":{"rendered":"<p>Povodom 17. Me\u0111unarodnog festivala folklora &ldquo;Za jubav tance igra\u0161e&rdquo; koji je sino\u0107 odr\u017ean u Ka\u0161telima, gradona\u010delnik Denis Ivanovi\u0107 zajedno s pro\u010delnicom UO za dru\u0161tvene djelatnosti i op\u0107e poslove Sandrom Zoki\u0107, primio je predstavnike folklornih dru\u0161tava iz Poljske, Slova\u010dke i Rusije.<\/p>\n<p>&ndash; Tradicijska kultura i folklor upori\u0161ta su i simboli na\u0161eg identiteta, a oni se na\u017ealost vrlo brzo izgube unato\u010d nastojanjima da se u globaliziranom svijetu sa\u010duvaju kulturne razli\u010ditosti. Kako na\u0161e pravo kulturno blago ne bi oti\u0161lo u zaborav, brinu se folklorna dru\u0161tva koja \u010duvaju vrijednosti svoga kraja i \u0161to je najva\u017enije, prenose ga mla\u0111im generacijama. Hvala vam \u0161to ste do\u0161li u Ka\u0161tela predstaviti svoje kulturno bogatstvo na radost doma\u0107ih ali i stranih gostiju kojih je na smotri ove godine bilo vi\u0161e nego ikad prije. Hvala i KUD-u Ante Zaninovi\u0107 na organizaciji festivala, a Grad Ka\u0161tela \u0107e vam i ubudu\u0107e biti potpora &ndash; kazao je gradona\u010delnik Ivanovi\u0107.<\/p>\n<p>Voditeljica KUD-a &bdquo;Ante Zaninovi\u0107&ldquo; Marica Tadin kazala je ne\u0161to vi\u0161e o ovogodi\u0161njem festivalu<\/p>\n<p>&#8211; Od doma\u0107ih skupina nastupili su \u010dlanovi na\u0161eg dru\u0161tva, a publika je mogla vidjeti na\u0161u novu koreografiju kojom smo se predstavili na &bdquo;Dubrova\u010dkoj kontradanci&ldquo;. Nastupilo je gotovo 250 plesa\u010da iz pet europskih zemalja i svi su ostali odu\u0161evljeni na\u0161im Ka\u0161telima. Hvala Gradu Ka\u0161tela koji je na\u0161u smotru prepoznao kao izniman doga\u0111aj i \u0161to nam pru\u017ea podr\u0161ku kao i svih ovih godina &ndash; kazala je Tadin te najavila kako \u0107e ovom prilikom \u010dlanovi folklornih dru\u0161tava upoznati ljepote Ka\u0161tela, Trogira i Splita.<\/p>\n<p>&nbsp;<\/p>\n<p>&nbsp;<\/p>\n<p>&nbsp;<\/p>\n","protected":false},"excerpt":{"rendered":"<p>Povodom 17. Me\u0111unarodnog festivala folklora &ldquo;Za jubav tance igra\u0161e&rdquo; koji je sino\u0107 odr\u017ean u Ka\u0161telima, gradona\u010delnik Denis Ivanovi\u0107 zajedno s [&hellip;]<\/p>\n","protected":false},"author":7,"featured_media":6033,"comment_status":"closed","ping_status":"open","sticky":false,"template":"","format":"standard","meta":{"_acf_changed":false,"footnotes":""},"categories":[1],"tags":[],"class_list":["post-6032","post","type-post","status-publish","format-standard","has-post-thumbnail","hentry","category-novosti"],"acf":[],"_links":{"self":[{"href":"https:\/\/kastela.hr\/en\/wp-json\/wp\/v2\/posts\/6032","targetHints":{"allow":["GET"]}}],"collection":[{"href":"https:\/\/kastela.hr\/en\/wp-json\/wp\/v2\/posts"}],"about":[{"href":"https:\/\/kastela.hr\/en\/wp-json\/wp\/v2\/types\/post"}],"author":[{"embeddable":true,"href":"https:\/\/kastela.hr\/en\/wp-json\/wp\/v2\/users\/7"}],"replies":[{"embeddable":true,"href":"https:\/\/kastela.hr\/en\/wp-json\/wp\/v2\/comments?post=6032"}],"version-history":[{"count":1,"href":"https:\/\/kastela.hr\/en\/wp-json\/wp\/v2\/posts\/6032\/revisions"}],"predecessor-version":[{"id":7229,"href":"https:\/\/kastela.hr\/en\/wp-json\/wp\/v2\/posts\/6032\/revisions\/7229"}],"wp:featuredmedia":[{"embeddable":true,"href":"https:\/\/kastela.hr\/en\/wp-json\/wp\/v2\/media\/6033"}],"wp:attachment":[{"href":"https:\/\/kastela.hr\/en\/wp-json\/wp\/v2\/media?parent=6032"}],"wp:term":[{"taxonomy":"category","embeddable":true,"href":"https:\/\/kastela.hr\/en\/wp-json\/wp\/v2\/categories?post=6032"},{"taxonomy":"post_tag","embeddable":true,"href":"https:\/\/kastela.hr\/en\/wp-json\/wp\/v2\/tags?post=6032"}],"curies":[{"name":"wp","href":"https:\/\/api.w.org\/{rel}","templated":true}]}}