{"id":6023,"date":"2019-07-22T04:42:00","date_gmt":"2019-07-22T02:42:00","guid":{"rendered":"https:\/\/kastela.hr\/en\/2019\/07\/22\/otvorene-nove-prostorije-poslovno-drustvenog-centra-u-kastel-gomilici\/"},"modified":"2024-08-29T10:48:22","modified_gmt":"2024-08-29T08:48:22","slug":"otvorene-nove-prostorije-poslovno-drustvenog-centra-u-kastel-gomilici","status":"publish","type":"post","link":"https:\/\/kastela.hr\/en\/2019\/07\/22\/otvorene-nove-prostorije-poslovno-drustvenog-centra-u-kastel-gomilici\/","title":{"rendered":"Otvorene nove prostorije poslovno dru\u0161tvenog centra u Ka\u0161tel Gomilici"},"content":{"rendered":"<p>Prostorije novog poslovno -dru\u0161tvenog centra sve\u010dano su otvorene u Ka\u0161tel Gomilici proteklog vikenda. Dan nakon otvorenja, \u017eupnik don Ante \u010coti\u0107 blagoslovio je prostore na katu ovog objekta koje \u0107e koristiti ka\u0161telanske udruge.<\/p>\n<p>&nbsp;Radi se o novom dvoeta\u017enom moderno ure\u0111enom objektu ukupne bruto razvijene povr\u0161ine 1430 metara \u010detvornih. Na prvoj eta\u017ei objekta ure\u0111eno je devet ureda, konferencijska dvorana i tehni\u010dka soba, osiguran je i prostor za caffe bar te dvije nenatkrivene terase kako bi posjetitelji i korisnici centra imali prostor i za u\u017eivanje u slobodnom vremenu.<\/p>\n<p>Nova gra\u0111evina donosi i novi prostrani te moderno ure\u0111en okoli\u0161 s dovoljnim brojem parkirnih mjesta i zelenom povr\u0161inom uz jednostavni pristup &nbsp;s glavne gradske prometnice.<\/p>\n","protected":false},"excerpt":{"rendered":"<p>Prostorije novog poslovno -dru\u0161tvenog centra sve\u010dano su otvorene u Ka\u0161tel Gomilici proteklog vikenda. Dan nakon otvorenja, \u017eupnik don Ante \u010coti\u0107 [&hellip;]<\/p>\n","protected":false},"author":7,"featured_media":6024,"comment_status":"closed","ping_status":"open","sticky":false,"template":"","format":"standard","meta":{"_acf_changed":false,"footnotes":""},"categories":[1],"tags":[],"class_list":["post-6023","post","type-post","status-publish","format-standard","has-post-thumbnail","hentry","category-novosti"],"acf":[],"_links":{"self":[{"href":"https:\/\/kastela.hr\/en\/wp-json\/wp\/v2\/posts\/6023","targetHints":{"allow":["GET"]}}],"collection":[{"href":"https:\/\/kastela.hr\/en\/wp-json\/wp\/v2\/posts"}],"about":[{"href":"https:\/\/kastela.hr\/en\/wp-json\/wp\/v2\/types\/post"}],"author":[{"embeddable":true,"href":"https:\/\/kastela.hr\/en\/wp-json\/wp\/v2\/users\/7"}],"replies":[{"embeddable":true,"href":"https:\/\/kastela.hr\/en\/wp-json\/wp\/v2\/comments?post=6023"}],"version-history":[{"count":1,"href":"https:\/\/kastela.hr\/en\/wp-json\/wp\/v2\/posts\/6023\/revisions"}],"predecessor-version":[{"id":7226,"href":"https:\/\/kastela.hr\/en\/wp-json\/wp\/v2\/posts\/6023\/revisions\/7226"}],"wp:featuredmedia":[{"embeddable":true,"href":"https:\/\/kastela.hr\/en\/wp-json\/wp\/v2\/media\/6024"}],"wp:attachment":[{"href":"https:\/\/kastela.hr\/en\/wp-json\/wp\/v2\/media?parent=6023"}],"wp:term":[{"taxonomy":"category","embeddable":true,"href":"https:\/\/kastela.hr\/en\/wp-json\/wp\/v2\/categories?post=6023"},{"taxonomy":"post_tag","embeddable":true,"href":"https:\/\/kastela.hr\/en\/wp-json\/wp\/v2\/tags?post=6023"}],"curies":[{"name":"wp","href":"https:\/\/api.w.org\/{rel}","templated":true}]}}