{"id":6020,"date":"2019-07-22T08:43:00","date_gmt":"2019-07-22T06:43:00","guid":{"rendered":"https:\/\/kastela.hr\/en\/2019\/07\/22\/promocija-knjige-zagrljaj-u-koji-pripadam-i-koncert-u-cast-oliveru-ovoga-utorka\/"},"modified":"2024-08-29T10:48:22","modified_gmt":"2024-08-29T08:48:22","slug":"promocija-knjige-zagrljaj-u-koji-pripadam-i-koncert-u-cast-oliveru-ovoga-utorka","status":"publish","type":"post","link":"https:\/\/kastela.hr\/en\/2019\/07\/22\/promocija-knjige-zagrljaj-u-koji-pripadam-i-koncert-u-cast-oliveru-ovoga-utorka\/","title":{"rendered":"Promocija knjige \u201eZagrljaj u koji pripadam\u201c i koncert u \u010dast Oliveru ovoga utorka"},"content":{"rendered":"<p>U okviru programa Ka\u0161telanskog kulturnog ljeta, ovoga utorka 23. srpnja, na rasporedu je predstavljanje knjige i koncert posve\u0107en Oliveru. Knji\u017eevno glazbena ve\u010der Vlaste Janton odr\u017eat \u0107e se u Podvorju u Ka\u0161tel Su\u0107urcu s po\u010detkom u 20:30 sati gdje \u0107e biti predstavljena knjiga &bdquo;Zagrljaj u koji pripadam&ldquo;. Rije\u010d je o djelu kojemu je pripala nagrada u sklopu natje\u010daja Gradske knji\u017enice Ka\u0161tela.<\/p>\n<p>Iste ve\u010deri, odr\u017eat \u0107e se koncert &bdquo;Pivam Olivera&ldquo; ispred Ka\u0161tilca u Ka\u0161tel Gomilici s po\u010detkom u 21 sat u izvedbi Olivera Jakov\u010deva uz pratnju prof. Neboj\u0161e Laki\u0107a(klavir) i Nina Nimca(gitara).&nbsp;<\/p>\n<p>Komediju &bdquo;Tajkuni&ldquo; koja je trebala biti odr\u017eana ovoga utorka 23. srpnja na brcu u Ka\u0161tel Starom, gluma\u010dka dru\u017eina Histrion otkazuje zbog tehni\u010dkih razloga.<\/p>\n<p>&nbsp;<\/p>\n","protected":false},"excerpt":{"rendered":"<p>U okviru programa Ka\u0161telanskog kulturnog ljeta, ovoga utorka 23. srpnja, na rasporedu je predstavljanje knjige i koncert posve\u0107en Oliveru. Knji\u017eevno [&hellip;]<\/p>\n","protected":false},"author":7,"featured_media":6021,"comment_status":"closed","ping_status":"open","sticky":false,"template":"","format":"standard","meta":{"_acf_changed":false,"footnotes":""},"categories":[1],"tags":[],"class_list":["post-6020","post","type-post","status-publish","format-standard","has-post-thumbnail","hentry","category-novosti"],"acf":[],"_links":{"self":[{"href":"https:\/\/kastela.hr\/en\/wp-json\/wp\/v2\/posts\/6020","targetHints":{"allow":["GET"]}}],"collection":[{"href":"https:\/\/kastela.hr\/en\/wp-json\/wp\/v2\/posts"}],"about":[{"href":"https:\/\/kastela.hr\/en\/wp-json\/wp\/v2\/types\/post"}],"author":[{"embeddable":true,"href":"https:\/\/kastela.hr\/en\/wp-json\/wp\/v2\/users\/7"}],"replies":[{"embeddable":true,"href":"https:\/\/kastela.hr\/en\/wp-json\/wp\/v2\/comments?post=6020"}],"version-history":[{"count":1,"href":"https:\/\/kastela.hr\/en\/wp-json\/wp\/v2\/posts\/6020\/revisions"}],"predecessor-version":[{"id":7225,"href":"https:\/\/kastela.hr\/en\/wp-json\/wp\/v2\/posts\/6020\/revisions\/7225"}],"wp:featuredmedia":[{"embeddable":true,"href":"https:\/\/kastela.hr\/en\/wp-json\/wp\/v2\/media\/6021"}],"wp:attachment":[{"href":"https:\/\/kastela.hr\/en\/wp-json\/wp\/v2\/media?parent=6020"}],"wp:term":[{"taxonomy":"category","embeddable":true,"href":"https:\/\/kastela.hr\/en\/wp-json\/wp\/v2\/categories?post=6020"},{"taxonomy":"post_tag","embeddable":true,"href":"https:\/\/kastela.hr\/en\/wp-json\/wp\/v2\/tags?post=6020"}],"curies":[{"name":"wp","href":"https:\/\/api.w.org\/{rel}","templated":true}]}}