{"id":6017,"date":"2019-07-23T03:36:00","date_gmt":"2019-07-23T01:36:00","guid":{"rendered":"https:\/\/kastela.hr\/en\/2019\/07\/23\/otkazana-promocija-knjige-zagrljaj-u-koji-pripadam\/"},"modified":"2024-08-29T10:48:22","modified_gmt":"2024-08-29T08:48:22","slug":"otkazana-promocija-knjige-zagrljaj-u-koji-pripadam","status":"publish","type":"post","link":"https:\/\/kastela.hr\/en\/2019\/07\/23\/otkazana-promocija-knjige-zagrljaj-u-koji-pripadam\/","title":{"rendered":"Otkazana promocija knjige \u201eZagrljaj u koji pripadam\u201c"},"content":{"rendered":"<p>Predstavljanje knjige &quot;Zagrljaj u koji pripadam&quot; autorice Vlaste Janton, koje je u organizaciji Gradske knji\u017enice Ka\u0161tela trebalo biti odr\u017eano ve\u010deras u Gospojskoj \u0161tradi u Ka\u0161tel Su\u0107urcu u sklopu Ka\u0161telanskog kulturnog ljeta &#8211; otkazano je.<\/p>\n<p>Koncert &bdquo;Pivam Olivera&ldquo; odr\u017eat \u0107e se ve\u010deras pred Ka\u0161tilcem u Ka\u0161tel Gomilici s po\u010detkom u 21 sat kako je i predvi\u0111eno u programu Ka\u0161telanskog kulturnog ljeta. Posjetitelji \u0107e mo\u0107i u\u017eivati u izvedbama Olivera Jakov\u010deva uz pratnju prof. Neboj\u0161e Laki\u0107a(klavir) i Nina Nimca(gitara).&nbsp;<\/p>\n","protected":false},"excerpt":{"rendered":"<p>Predstavljanje knjige &quot;Zagrljaj u koji pripadam&quot; autorice Vlaste Janton, koje je u organizaciji Gradske knji\u017enice Ka\u0161tela trebalo biti odr\u017eano ve\u010deras [&hellip;]<\/p>\n","protected":false},"author":7,"featured_media":6018,"comment_status":"closed","ping_status":"open","sticky":false,"template":"","format":"standard","meta":{"_acf_changed":false,"footnotes":""},"categories":[1],"tags":[],"class_list":["post-6017","post","type-post","status-publish","format-standard","has-post-thumbnail","hentry","category-novosti"],"acf":[],"_links":{"self":[{"href":"https:\/\/kastela.hr\/en\/wp-json\/wp\/v2\/posts\/6017","targetHints":{"allow":["GET"]}}],"collection":[{"href":"https:\/\/kastela.hr\/en\/wp-json\/wp\/v2\/posts"}],"about":[{"href":"https:\/\/kastela.hr\/en\/wp-json\/wp\/v2\/types\/post"}],"author":[{"embeddable":true,"href":"https:\/\/kastela.hr\/en\/wp-json\/wp\/v2\/users\/7"}],"replies":[{"embeddable":true,"href":"https:\/\/kastela.hr\/en\/wp-json\/wp\/v2\/comments?post=6017"}],"version-history":[{"count":1,"href":"https:\/\/kastela.hr\/en\/wp-json\/wp\/v2\/posts\/6017\/revisions"}],"predecessor-version":[{"id":7224,"href":"https:\/\/kastela.hr\/en\/wp-json\/wp\/v2\/posts\/6017\/revisions\/7224"}],"wp:featuredmedia":[{"embeddable":true,"href":"https:\/\/kastela.hr\/en\/wp-json\/wp\/v2\/media\/6018"}],"wp:attachment":[{"href":"https:\/\/kastela.hr\/en\/wp-json\/wp\/v2\/media?parent=6017"}],"wp:term":[{"taxonomy":"category","embeddable":true,"href":"https:\/\/kastela.hr\/en\/wp-json\/wp\/v2\/categories?post=6017"},{"taxonomy":"post_tag","embeddable":true,"href":"https:\/\/kastela.hr\/en\/wp-json\/wp\/v2\/tags?post=6017"}],"curies":[{"name":"wp","href":"https:\/\/api.w.org\/{rel}","templated":true}]}}