{"id":6014,"date":"2019-07-24T03:49:00","date_gmt":"2019-07-24T01:49:00","guid":{"rendered":"https:\/\/kastela.hr\/en\/2019\/07\/24\/vecer-igrokaza-u-kastel-luksicu-i-predstava-u-kastel-stafilicu\/"},"modified":"2024-08-29T10:48:22","modified_gmt":"2024-08-29T08:48:22","slug":"vecer-igrokaza-u-kastel-luksicu-i-predstava-u-kastel-stafilicu","status":"publish","type":"post","link":"https:\/\/kastela.hr\/en\/2019\/07\/24\/vecer-igrokaza-u-kastel-luksicu-i-predstava-u-kastel-stafilicu\/","title":{"rendered":"Ve\u010der igrokaza u Ka\u0161tel Luk\u0161i\u0107u i predstava u Ka\u0161tel \u0160tafili\u0107u"},"content":{"rendered":"<p>U nastavku Ka\u0161telanskog kulturnog ljeta ovoga \u010detvrtka i petka na rasporedu je igrokaz i predstava. Ve\u010der igrokaza priredit \u0107e glumci Ka\u0161telanskog kazali\u0161ta i gostiju ovoga \u010detvrtka 25. srpnja s po\u010detkom u 19 i 30 sati u \u0161kolskom botani\u010dkom vrtu Osnovne \u0161kole Ostrog, Ka\u0161tel Luk\u0161i\u0107, a organizator je GSU Ka\u0161telansko kazali\u0161te.<\/p>\n<p>U petak, 26. srpnja s po\u010detkom u 21 sat na Igri\u0161\u0107u u Ka\u0161tel \u0160tafili\u0107u odr\u017eat \u0107e se premijerno nova predstava &bdquo;Na brcu&ldquo; u izvedbi Amaterskog kazali\u0161ta Moreta. Ulaz na sva doga\u0111anja je slobodan.<\/p>\n<p>&nbsp;<\/p>\n<p>&nbsp;<\/p>\n","protected":false},"excerpt":{"rendered":"<p>U nastavku Ka\u0161telanskog kulturnog ljeta ovoga \u010detvrtka i petka na rasporedu je igrokaz i predstava. Ve\u010der igrokaza priredit \u0107e glumci [&hellip;]<\/p>\n","protected":false},"author":7,"featured_media":6015,"comment_status":"closed","ping_status":"open","sticky":false,"template":"","format":"standard","meta":{"_acf_changed":false,"footnotes":""},"categories":[1],"tags":[],"class_list":["post-6014","post","type-post","status-publish","format-standard","has-post-thumbnail","hentry","category-novosti"],"acf":[],"_links":{"self":[{"href":"https:\/\/kastela.hr\/en\/wp-json\/wp\/v2\/posts\/6014","targetHints":{"allow":["GET"]}}],"collection":[{"href":"https:\/\/kastela.hr\/en\/wp-json\/wp\/v2\/posts"}],"about":[{"href":"https:\/\/kastela.hr\/en\/wp-json\/wp\/v2\/types\/post"}],"author":[{"embeddable":true,"href":"https:\/\/kastela.hr\/en\/wp-json\/wp\/v2\/users\/7"}],"replies":[{"embeddable":true,"href":"https:\/\/kastela.hr\/en\/wp-json\/wp\/v2\/comments?post=6014"}],"version-history":[{"count":1,"href":"https:\/\/kastela.hr\/en\/wp-json\/wp\/v2\/posts\/6014\/revisions"}],"predecessor-version":[{"id":7223,"href":"https:\/\/kastela.hr\/en\/wp-json\/wp\/v2\/posts\/6014\/revisions\/7223"}],"wp:featuredmedia":[{"embeddable":true,"href":"https:\/\/kastela.hr\/en\/wp-json\/wp\/v2\/media\/6015"}],"wp:attachment":[{"href":"https:\/\/kastela.hr\/en\/wp-json\/wp\/v2\/media?parent=6014"}],"wp:term":[{"taxonomy":"category","embeddable":true,"href":"https:\/\/kastela.hr\/en\/wp-json\/wp\/v2\/categories?post=6014"},{"taxonomy":"post_tag","embeddable":true,"href":"https:\/\/kastela.hr\/en\/wp-json\/wp\/v2\/tags?post=6014"}],"curies":[{"name":"wp","href":"https:\/\/api.w.org\/{rel}","templated":true}]}}