{"id":6008,"date":"2019-07-26T03:42:00","date_gmt":"2019-07-26T01:42:00","guid":{"rendered":"https:\/\/kastela.hr\/en\/2019\/07\/26\/u-subotu-ribarske-feste-u-kastel-sucurcu-kastel-gomilici-i-kastel-starom\/"},"modified":"2024-08-29T10:48:22","modified_gmt":"2024-08-29T08:48:22","slug":"u-subotu-ribarske-feste-u-kastel-sucurcu-kastel-gomilici-i-kastel-starom","status":"publish","type":"post","link":"https:\/\/kastela.hr\/en\/2019\/07\/26\/u-subotu-ribarske-feste-u-kastel-sucurcu-kastel-gomilici-i-kastel-starom\/","title":{"rendered":"U subotu ribarske fe\u0161te u Ka\u0161tel Su\u0107urcu, Ka\u0161tel Gomilici i Ka\u0161tel Starom"},"content":{"rendered":"<p>Ove subote 27. srpnja 2019. s po\u010detkom u 20 sati zapo\u010dinje odr\u017eavanje ribarskih &nbsp;fe\u0161ti u Ka\u0161tel Su\u0107urcu, Ka\u0161tel Gomilici i Ka\u0161tel Starom.<\/p>\n<p>Veterani HNK Jadrana na mulu u Ka\u0161tel Su\u0107urcu odr\u017eat \u0107e ribarsku fe\u0161tu, a u maloj lu\u010dici u Marini Ka\u0161tela Pomorsko sportsko dru\u0161tvo Giri\u010di\u0107 tako\u0111er \u0107e odr\u017eati ribarsku fe\u0161tu. Za sve kojima \u0107e biti pri ruci, na portu u Ka\u0161tel Starom, P\u0160K Srdela pripremit \u0107e prave riblje delicije kako za doma\u0107e tako i za strane goste.<\/p>\n","protected":false},"excerpt":{"rendered":"<p>Ove subote 27. srpnja 2019. s po\u010detkom u 20 sati zapo\u010dinje odr\u017eavanje ribarskih &nbsp;fe\u0161ti u Ka\u0161tel Su\u0107urcu, Ka\u0161tel Gomilici i [&hellip;]<\/p>\n","protected":false},"author":7,"featured_media":6009,"comment_status":"closed","ping_status":"open","sticky":false,"template":"","format":"standard","meta":{"_acf_changed":false,"footnotes":""},"categories":[1],"tags":[],"class_list":["post-6008","post","type-post","status-publish","format-standard","has-post-thumbnail","hentry","category-novosti"],"acf":[],"_links":{"self":[{"href":"https:\/\/kastela.hr\/en\/wp-json\/wp\/v2\/posts\/6008","targetHints":{"allow":["GET"]}}],"collection":[{"href":"https:\/\/kastela.hr\/en\/wp-json\/wp\/v2\/posts"}],"about":[{"href":"https:\/\/kastela.hr\/en\/wp-json\/wp\/v2\/types\/post"}],"author":[{"embeddable":true,"href":"https:\/\/kastela.hr\/en\/wp-json\/wp\/v2\/users\/7"}],"replies":[{"embeddable":true,"href":"https:\/\/kastela.hr\/en\/wp-json\/wp\/v2\/comments?post=6008"}],"version-history":[{"count":1,"href":"https:\/\/kastela.hr\/en\/wp-json\/wp\/v2\/posts\/6008\/revisions"}],"predecessor-version":[{"id":7222,"href":"https:\/\/kastela.hr\/en\/wp-json\/wp\/v2\/posts\/6008\/revisions\/7222"}],"wp:featuredmedia":[{"embeddable":true,"href":"https:\/\/kastela.hr\/en\/wp-json\/wp\/v2\/media\/6009"}],"wp:attachment":[{"href":"https:\/\/kastela.hr\/en\/wp-json\/wp\/v2\/media?parent=6008"}],"wp:term":[{"taxonomy":"category","embeddable":true,"href":"https:\/\/kastela.hr\/en\/wp-json\/wp\/v2\/categories?post=6008"},{"taxonomy":"post_tag","embeddable":true,"href":"https:\/\/kastela.hr\/en\/wp-json\/wp\/v2\/tags?post=6008"}],"curies":[{"name":"wp","href":"https:\/\/api.w.org\/{rel}","templated":true}]}}