{"id":6005,"date":"2019-07-26T04:18:00","date_gmt":"2019-07-26T02:18:00","guid":{"rendered":"https:\/\/kastela.hr\/en\/2019\/07\/26\/djecja-predstava-u-kastel-gomilici-brodolomke-u-kastel-luksicu-ove-subote\/"},"modified":"2024-08-29T10:48:22","modified_gmt":"2024-08-29T08:48:22","slug":"djecja-predstava-u-kastel-gomilici-brodolomke-u-kastel-luksicu-ove-subote","status":"publish","type":"post","link":"https:\/\/kastela.hr\/en\/2019\/07\/26\/djecja-predstava-u-kastel-gomilici-brodolomke-u-kastel-luksicu-ove-subote\/","title":{"rendered":"Dje\u010dja predstava u Ka\u0161tel Gomilici, \u201eBrodolomke\u201c u Ka\u0161tel Luk\u0161i\u0107u ove subote"},"content":{"rendered":"<p>U okviru programa 21. Ka\u0161telanskog kulturnog ljeta, ove subote, 27. srpnja s po\u010detkom u 20:30 sati zapo\u010dinju predstave u Ka\u0161tel Gomilici i Ka\u0161tel Luk\u0161i\u0107u. Ispred Ka\u0161tilca u Ka\u0161tel Gomilici na rasporedu je ve\u010der dje\u010djeg stvarala\u0161tva pod nazivom &bdquo;Mala litnja pozornica&ldquo; u organizaciji Udruge sveti Jeronim.<\/p>\n<p>U organizaciji Grada Ka\u0161tela u ka\u0161telu Vitturi u Ka\u0161tel Luk\u0161i\u0107u odr\u017eat \u0107e se predstava &bdquo;Brodolomke&ldquo;, tragikomi\u010dna pri\u010da o \u010detiri \u017eene u izvedbi kazali\u0161ta Moruzgva i Ludens Teatra iz Zagreba. Rije\u010d je o predstavi koju je re\u017eirao&nbsp;Kre\u0161imir Dolen\u010di\u0107, glume:&nbsp;Daria Lorenci Flatz, Sanja Milardovi\u0107, Anita Mati\u0107, Ecija Ojdani\u0107&nbsp;i&nbsp;Luka Petru\u0161i\u0107<\/p>\n<p>Ulaz na sva doga\u0111anja je slobodan.<\/p>\n","protected":false},"excerpt":{"rendered":"<p>U okviru programa 21. Ka\u0161telanskog kulturnog ljeta, ove subote, 27. srpnja s po\u010detkom u 20:30 sati zapo\u010dinju predstave u Ka\u0161tel [&hellip;]<\/p>\n","protected":false},"author":7,"featured_media":6006,"comment_status":"closed","ping_status":"open","sticky":false,"template":"","format":"standard","meta":{"_acf_changed":false,"footnotes":""},"categories":[1],"tags":[],"class_list":["post-6005","post","type-post","status-publish","format-standard","has-post-thumbnail","hentry","category-novosti"],"acf":[],"_links":{"self":[{"href":"https:\/\/kastela.hr\/en\/wp-json\/wp\/v2\/posts\/6005","targetHints":{"allow":["GET"]}}],"collection":[{"href":"https:\/\/kastela.hr\/en\/wp-json\/wp\/v2\/posts"}],"about":[{"href":"https:\/\/kastela.hr\/en\/wp-json\/wp\/v2\/types\/post"}],"author":[{"embeddable":true,"href":"https:\/\/kastela.hr\/en\/wp-json\/wp\/v2\/users\/7"}],"replies":[{"embeddable":true,"href":"https:\/\/kastela.hr\/en\/wp-json\/wp\/v2\/comments?post=6005"}],"version-history":[{"count":1,"href":"https:\/\/kastela.hr\/en\/wp-json\/wp\/v2\/posts\/6005\/revisions"}],"predecessor-version":[{"id":7221,"href":"https:\/\/kastela.hr\/en\/wp-json\/wp\/v2\/posts\/6005\/revisions\/7221"}],"wp:featuredmedia":[{"embeddable":true,"href":"https:\/\/kastela.hr\/en\/wp-json\/wp\/v2\/media\/6006"}],"wp:attachment":[{"href":"https:\/\/kastela.hr\/en\/wp-json\/wp\/v2\/media?parent=6005"}],"wp:term":[{"taxonomy":"category","embeddable":true,"href":"https:\/\/kastela.hr\/en\/wp-json\/wp\/v2\/categories?post=6005"},{"taxonomy":"post_tag","embeddable":true,"href":"https:\/\/kastela.hr\/en\/wp-json\/wp\/v2\/tags?post=6005"}],"curies":[{"name":"wp","href":"https:\/\/api.w.org\/{rel}","templated":true}]}}