{"id":6002,"date":"2019-07-26T04:30:00","date_gmt":"2019-07-26T02:30:00","guid":{"rendered":"https:\/\/kastela.hr\/en\/2019\/07\/26\/mali-mjuzikl-za-djecu-u-kastel-luksicu-i-veceri-kod-svetog-jeronima-u-kastel-gomilici-ove-nedjelje\/"},"modified":"2024-08-29T10:48:22","modified_gmt":"2024-08-29T08:48:22","slug":"mali-mjuzikl-za-djecu-u-kastel-luksicu-i-veceri-kod-svetog-jeronima-u-kastel-gomilici-ove-nedjelje","status":"publish","type":"post","link":"https:\/\/kastela.hr\/en\/2019\/07\/26\/mali-mjuzikl-za-djecu-u-kastel-luksicu-i-veceri-kod-svetog-jeronima-u-kastel-gomilici-ove-nedjelje\/","title":{"rendered":"Mali mjuzikl za djecu u Ka\u0161tel Luk\u0161i\u0107u i Ve\u010deri kod svetog Jeronima u Ka\u0161tel Gomilici ove nedjelje"},"content":{"rendered":"<p>Ove nedjelje, 28. srpnja, u okviru programa Ka\u0161telanskog kulturnog ljeta odr\u017eat \u0107e se mjuzikl za djecu i ve\u010der klasi\u010dne glazbe.<\/p>\n<p>U \u0161kolskom botani\u010dkom vrtu O\u0160 &bdquo;Ostrog&ldquo; u Ka\u0161tel Luk\u0161i\u0107u bit \u0107e uprizoren &bdquo;Kraljevi\u0107 \u010cuperko&ldquo;, mali mjuzikl za djecu u izvedbi UO KD Smje\u0161ko s po\u010detkom u 20 sati, a organizator izvedbe je Grad Ka\u0161tela.<\/p>\n<p>Za sve ljubitelje klasi\u010dne glazbe pred starom crkvom Svetog Jeronima u Ka\u0161tel Gomilici s po\u010detkom u 21 sat, odr\u017eat \u0107e se Ve\u010deri kod svetog Jeronima, a nastupit \u0107e Duo Drau\u0161nik\/Bedek i izvest \u0107e poznata djela iz glazbene literature za klarinet i gitaru.<\/p>\n<p>&nbsp;<\/p>\n<p>&nbsp;<\/p>\n","protected":false},"excerpt":{"rendered":"<p>Ove nedjelje, 28. srpnja, u okviru programa Ka\u0161telanskog kulturnog ljeta odr\u017eat \u0107e se mjuzikl za djecu i ve\u010der klasi\u010dne glazbe. [&hellip;]<\/p>\n","protected":false},"author":7,"featured_media":6003,"comment_status":"closed","ping_status":"open","sticky":false,"template":"","format":"standard","meta":{"_acf_changed":false,"footnotes":""},"categories":[1],"tags":[],"class_list":["post-6002","post","type-post","status-publish","format-standard","has-post-thumbnail","hentry","category-novosti"],"acf":[],"_links":{"self":[{"href":"https:\/\/kastela.hr\/en\/wp-json\/wp\/v2\/posts\/6002","targetHints":{"allow":["GET"]}}],"collection":[{"href":"https:\/\/kastela.hr\/en\/wp-json\/wp\/v2\/posts"}],"about":[{"href":"https:\/\/kastela.hr\/en\/wp-json\/wp\/v2\/types\/post"}],"author":[{"embeddable":true,"href":"https:\/\/kastela.hr\/en\/wp-json\/wp\/v2\/users\/7"}],"replies":[{"embeddable":true,"href":"https:\/\/kastela.hr\/en\/wp-json\/wp\/v2\/comments?post=6002"}],"version-history":[{"count":1,"href":"https:\/\/kastela.hr\/en\/wp-json\/wp\/v2\/posts\/6002\/revisions"}],"predecessor-version":[{"id":7220,"href":"https:\/\/kastela.hr\/en\/wp-json\/wp\/v2\/posts\/6002\/revisions\/7220"}],"wp:featuredmedia":[{"embeddable":true,"href":"https:\/\/kastela.hr\/en\/wp-json\/wp\/v2\/media\/6003"}],"wp:attachment":[{"href":"https:\/\/kastela.hr\/en\/wp-json\/wp\/v2\/media?parent=6002"}],"wp:term":[{"taxonomy":"category","embeddable":true,"href":"https:\/\/kastela.hr\/en\/wp-json\/wp\/v2\/categories?post=6002"},{"taxonomy":"post_tag","embeddable":true,"href":"https:\/\/kastela.hr\/en\/wp-json\/wp\/v2\/tags?post=6002"}],"curies":[{"name":"wp","href":"https:\/\/api.w.org\/{rel}","templated":true}]}}