{"id":5999,"date":"2019-07-29T03:54:00","date_gmt":"2019-07-29T01:54:00","guid":{"rendered":"https:\/\/kastela.hr\/en\/2019\/07\/29\/koncert-klase-gitare-profesora-mislava-rezica\/"},"modified":"2024-08-29T10:48:22","modified_gmt":"2024-08-29T08:48:22","slug":"koncert-klase-gitare-profesora-mislava-rezica","status":"publish","type":"post","link":"https:\/\/kastela.hr\/en\/2019\/07\/29\/koncert-klase-gitare-profesora-mislava-rezica\/","title":{"rendered":"Koncert klase gitare profesora Mislava Re\u017ei\u0107a"},"content":{"rendered":"<p>U okviru Ka\u0161telanskog kulturnog ljeta, ove srijede 31. srpnja s po\u010detkom u 19 sati u dvorcu Vitturi u Ka\u0161tel Luk\u0161i\u0107u odr\u017eat \u0107e se koncert klase gitare profesora Mislava Re\u017ei\u0107a u kojoj sudjeluju polaznici Me\u0111unarodne ljetne \u0161kole glazbe. Organizator koncerta je Hrvatsko glazbeno dru\u0161tvo Biranj, a ulaz je slobodan.<\/p>\n<p>&nbsp;<\/p>\n<p>&nbsp;<\/p>\n","protected":false},"excerpt":{"rendered":"<p>U okviru Ka\u0161telanskog kulturnog ljeta, ove srijede 31. srpnja s po\u010detkom u 19 sati u dvorcu Vitturi u Ka\u0161tel Luk\u0161i\u0107u [&hellip;]<\/p>\n","protected":false},"author":7,"featured_media":6000,"comment_status":"closed","ping_status":"open","sticky":false,"template":"","format":"standard","meta":{"_acf_changed":false,"footnotes":""},"categories":[1],"tags":[],"class_list":["post-5999","post","type-post","status-publish","format-standard","has-post-thumbnail","hentry","category-novosti"],"acf":[],"_links":{"self":[{"href":"https:\/\/kastela.hr\/en\/wp-json\/wp\/v2\/posts\/5999","targetHints":{"allow":["GET"]}}],"collection":[{"href":"https:\/\/kastela.hr\/en\/wp-json\/wp\/v2\/posts"}],"about":[{"href":"https:\/\/kastela.hr\/en\/wp-json\/wp\/v2\/types\/post"}],"author":[{"embeddable":true,"href":"https:\/\/kastela.hr\/en\/wp-json\/wp\/v2\/users\/7"}],"replies":[{"embeddable":true,"href":"https:\/\/kastela.hr\/en\/wp-json\/wp\/v2\/comments?post=5999"}],"version-history":[{"count":1,"href":"https:\/\/kastela.hr\/en\/wp-json\/wp\/v2\/posts\/5999\/revisions"}],"predecessor-version":[{"id":7218,"href":"https:\/\/kastela.hr\/en\/wp-json\/wp\/v2\/posts\/5999\/revisions\/7218"}],"wp:featuredmedia":[{"embeddable":true,"href":"https:\/\/kastela.hr\/en\/wp-json\/wp\/v2\/media\/6000"}],"wp:attachment":[{"href":"https:\/\/kastela.hr\/en\/wp-json\/wp\/v2\/media?parent=5999"}],"wp:term":[{"taxonomy":"category","embeddable":true,"href":"https:\/\/kastela.hr\/en\/wp-json\/wp\/v2\/categories?post=5999"},{"taxonomy":"post_tag","embeddable":true,"href":"https:\/\/kastela.hr\/en\/wp-json\/wp\/v2\/tags?post=5999"}],"curies":[{"name":"wp","href":"https:\/\/api.w.org\/{rel}","templated":true}]}}