{"id":5996,"date":"2019-08-03T04:09:00","date_gmt":"2019-08-03T02:09:00","guid":{"rendered":"https:\/\/kastela.hr\/en\/2019\/08\/03\/legenda-o-miljenku-i-dobrili\/"},"modified":"2024-08-29T10:48:22","modified_gmt":"2024-08-29T08:48:22","slug":"legenda-o-miljenku-i-dobrili","status":"publish","type":"post","link":"https:\/\/kastela.hr\/en\/2019\/08\/03\/legenda-o-miljenku-i-dobrili\/","title":{"rendered":"Legenda o Miljenku i Dobrili"},"content":{"rendered":"<p>U okviru programa Ka\u0161telanskog kulturnog ljeta, nastavljaju se&nbsp;doga\u0111anja posve\u0107ena najpoznatijim ka\u0161telanskim ljubavnicima kroz manifestaciju &#39;&#39;Legenda o Miljenku i Dobrili&#39;. Rije\u010d je o bogatom kulturnom programu koji \u0107e se i ove godine odr\u017eavati od 1. do 8. kolovoza u organizaciji Grada Ka\u0161tela i Turisti\u010dke zajednice Ka\u0161tela.<\/p>\n<p>Sve zapo\u010dinje 1. kolovoza pred dvorcem Vitturi u 21 sat uz &#39;&#39;Koncert najljep\u0161ih ljubavnih pjesama&#39;&#39; u izvedbi Zorice Kond\u017ee, Jacquesa Houdeka, Tedija Spalata i Ane Opa\u010dak, kao i sopranistice Ane&nbsp;Zebi\u0107 Kostel.<\/p>\n<p>Idu\u0107eg dana, 2. kolovoza, u isto vrijeme, na redu je uprizorenje Legende o Miljenku i Dobrili, u re\u017eiji Mladenke Gruica, uz glavne uloge Pere Eranovi\u0107a i Ane Perkovi\u0107.<\/p>\n<p>Koncertna ve\u010der &#39;&#39;Dobriline glazbene ve\u010deri&#39;&#39; posve\u0107ena jakim \u017eenama, ove godine donosi nastup Zdenke Kova\u010di\u010dek i benda. Nastup je predvi\u0111en 6. kolovoza u parku Vitturi s po\u010detkom u 21 sat.<\/p>\n<p>U perivoju dvorca Ru\u0161inac \u0107e se 7. i 8. kolovoza, po prvi put, u sklopu manifestacije odr\u017eati filmske ve\u010deri pod nazivom &#39;&#39;Romantika pod zvijezdama s po\u010detkom u 21 sat.<\/p>\n<p>Svi programi su besplatni za posjetitelje. Tijekom trajanja manifestacije crkvica sv. Ivana u Ka\u0161tel Luk\u0161i\u0107u u kojoj se nalazi grob Miljenka i Dobrile bit \u0107e otvorena za posjetitelje u ve\u010dernjim satima, od 18-21 sat od 1. do 9. kolovoza.<\/p>\n","protected":false},"excerpt":{"rendered":"<p>U okviru programa Ka\u0161telanskog kulturnog ljeta, nastavljaju se&nbsp;doga\u0111anja posve\u0107ena najpoznatijim ka\u0161telanskim ljubavnicima kroz manifestaciju &#39;&#39;Legenda o Miljenku i Dobrili&#39;. Rije\u010d [&hellip;]<\/p>\n","protected":false},"author":7,"featured_media":5997,"comment_status":"closed","ping_status":"open","sticky":false,"template":"","format":"standard","meta":{"_acf_changed":false,"footnotes":""},"categories":[1],"tags":[],"class_list":["post-5996","post","type-post","status-publish","format-standard","has-post-thumbnail","hentry","category-novosti"],"acf":[],"_links":{"self":[{"href":"https:\/\/kastela.hr\/en\/wp-json\/wp\/v2\/posts\/5996","targetHints":{"allow":["GET"]}}],"collection":[{"href":"https:\/\/kastela.hr\/en\/wp-json\/wp\/v2\/posts"}],"about":[{"href":"https:\/\/kastela.hr\/en\/wp-json\/wp\/v2\/types\/post"}],"author":[{"embeddable":true,"href":"https:\/\/kastela.hr\/en\/wp-json\/wp\/v2\/users\/7"}],"replies":[{"embeddable":true,"href":"https:\/\/kastela.hr\/en\/wp-json\/wp\/v2\/comments?post=5996"}],"version-history":[{"count":1,"href":"https:\/\/kastela.hr\/en\/wp-json\/wp\/v2\/posts\/5996\/revisions"}],"predecessor-version":[{"id":7213,"href":"https:\/\/kastela.hr\/en\/wp-json\/wp\/v2\/posts\/5996\/revisions\/7213"}],"wp:featuredmedia":[{"embeddable":true,"href":"https:\/\/kastela.hr\/en\/wp-json\/wp\/v2\/media\/5997"}],"wp:attachment":[{"href":"https:\/\/kastela.hr\/en\/wp-json\/wp\/v2\/media?parent=5996"}],"wp:term":[{"taxonomy":"category","embeddable":true,"href":"https:\/\/kastela.hr\/en\/wp-json\/wp\/v2\/categories?post=5996"},{"taxonomy":"post_tag","embeddable":true,"href":"https:\/\/kastela.hr\/en\/wp-json\/wp\/v2\/tags?post=5996"}],"curies":[{"name":"wp","href":"https:\/\/api.w.org\/{rel}","templated":true}]}}