{"id":5993,"date":"2019-07-30T05:49:00","date_gmt":"2019-07-30T03:49:00","guid":{"rendered":"https:\/\/kastela.hr\/en\/2019\/07\/30\/odrzan-projekt-humanitarni-paket-za-dalmaciju-i-primorje-ii\/"},"modified":"2024-08-29T10:48:22","modified_gmt":"2024-08-29T08:48:22","slug":"odrzan-projekt-humanitarni-paket-za-dalmaciju-i-primorje-ii","status":"publish","type":"post","link":"https:\/\/kastela.hr\/en\/2019\/07\/30\/odrzan-projekt-humanitarni-paket-za-dalmaciju-i-primorje-ii\/","title":{"rendered":"Odr\u017ean projekt \u201eHumanitarni paket za Dalmaciju i Primorje II.\u201c"},"content":{"rendered":"<p>Gradsko dru\u0161tvo Crvenog kri\u017ea Ka\u0161tela je zajedno s ostalim dru\u0161tvima iz preko 20 hrvatskih \u017eupanija &nbsp;zavr\u0161io projekt &bdquo;Humanitarni paket za Dalmaciju i Primorje II&ldquo; zahvaljuju\u0107i kojemu su brojne obitelji Ka\u0161tela i Op\u0107ina Prgomet, Le\u0107evica i Primorski Dolac primale pomo\u0107 u obliku paketa prehrambenih i higijenskih potrep\u0161tina te \u0161kolskog pribora.<\/p>\n<p>Projekt Humanitarni paket za Dalmaciju i Primorje II odobren je od strane Ministarstva za demografiju, obitelj, mlade i socijalnu politiku te je financiran iz Fonda europske pomo\u0107i za najpotrebitije (FAED). Projekt se provodio na podru\u010dju Splitsko-dalmatinske, Dubrova\u010dko-neretvanske, \u0160ibensko-kninske, Li\u010dko-senjske, Zadarske i Istarske \u017eupanije. Krajnji korisnici projekta bili su najsiroma\u0161niji sugra\u0111ani, u prvom redu korisnici zajam\u010dene minimalne naknade&nbsp; i ostali s niskim prihodima,&nbsp; prema utvr\u0111enim kriterijima.&nbsp;<\/p>\n<p>Osim navedenih aktivnosti podjele paketa hrane, higijene i \u0161kolskog pribora u sklopu projekta su se provodile i popratne mjere podjele socijalnih kuharica, upoznavanje socijalnih prava kao i mjere upravljanja ku\u0107nim bud\u017eetom. Cilj i svrha projekta je bio smanjiti socijalnu isklju\u010denost siroma\u0161nih osoba odnosno osoba u riziku od siroma\u0161tva.<\/p>\n","protected":false},"excerpt":{"rendered":"<p>Gradsko dru\u0161tvo Crvenog kri\u017ea Ka\u0161tela je zajedno s ostalim dru\u0161tvima iz preko 20 hrvatskih \u017eupanija &nbsp;zavr\u0161io projekt &bdquo;Humanitarni paket za [&hellip;]<\/p>\n","protected":false},"author":7,"featured_media":5994,"comment_status":"closed","ping_status":"open","sticky":false,"template":"","format":"standard","meta":{"_acf_changed":false,"footnotes":""},"categories":[1],"tags":[],"class_list":["post-5993","post","type-post","status-publish","format-standard","has-post-thumbnail","hentry","category-novosti"],"acf":[],"_links":{"self":[{"href":"https:\/\/kastela.hr\/en\/wp-json\/wp\/v2\/posts\/5993","targetHints":{"allow":["GET"]}}],"collection":[{"href":"https:\/\/kastela.hr\/en\/wp-json\/wp\/v2\/posts"}],"about":[{"href":"https:\/\/kastela.hr\/en\/wp-json\/wp\/v2\/types\/post"}],"author":[{"embeddable":true,"href":"https:\/\/kastela.hr\/en\/wp-json\/wp\/v2\/users\/7"}],"replies":[{"embeddable":true,"href":"https:\/\/kastela.hr\/en\/wp-json\/wp\/v2\/comments?post=5993"}],"version-history":[{"count":1,"href":"https:\/\/kastela.hr\/en\/wp-json\/wp\/v2\/posts\/5993\/revisions"}],"predecessor-version":[{"id":7217,"href":"https:\/\/kastela.hr\/en\/wp-json\/wp\/v2\/posts\/5993\/revisions\/7217"}],"wp:featuredmedia":[{"embeddable":true,"href":"https:\/\/kastela.hr\/en\/wp-json\/wp\/v2\/media\/5994"}],"wp:attachment":[{"href":"https:\/\/kastela.hr\/en\/wp-json\/wp\/v2\/media?parent=5993"}],"wp:term":[{"taxonomy":"category","embeddable":true,"href":"https:\/\/kastela.hr\/en\/wp-json\/wp\/v2\/categories?post=5993"},{"taxonomy":"post_tag","embeddable":true,"href":"https:\/\/kastela.hr\/en\/wp-json\/wp\/v2\/tags?post=5993"}],"curies":[{"name":"wp","href":"https:\/\/api.w.org\/{rel}","templated":true}]}}