{"id":5990,"date":"2019-07-31T06:10:00","date_gmt":"2019-07-31T04:10:00","guid":{"rendered":"https:\/\/kastela.hr\/en\/2019\/07\/31\/izlozba-karikaturom-protiv-pozara-u-nadbiskupskom-kastelu\/"},"modified":"2024-08-29T10:48:22","modified_gmt":"2024-08-29T08:48:22","slug":"izlozba-karikaturom-protiv-pozara-u-nadbiskupskom-kastelu","status":"publish","type":"post","link":"https:\/\/kastela.hr\/en\/2019\/07\/31\/izlozba-karikaturom-protiv-pozara-u-nadbiskupskom-kastelu\/","title":{"rendered":"Izlo\u017eba \u201eKarikaturom protiv po\u017eara\u201c u Nadbiskupskom ka\u0161telu"},"content":{"rendered":"<p>Muzej grada Ka\u0161tela i Muzej hrvatskog vatrogastva u sklopu manifestacije &ldquo;Ka\u0161telansko kulturno ljeto&rdquo; organiziraju izlo\u017ebu &ldquo;Karikaturom protiv po\u017eara&rdquo;, poznatog karikaturista Damira Novaka.<\/p>\n<p>Otvaranje izlo\u017ebe \u0107e se odr\u017eati ovoga petka, 2. kolovoza u Nadbiskupskom ka\u0161telu u Ka\u0161tel Su\u0107urcu s po\u010detkom u 20 sati u okviru programa Ka\u0161telanskog kulturnog ljeta.<\/p>\n<p>Na izlo\u017ebi \u0107e biti predstavljene 52 karikature u kojima autor u fokus stavlja malog, obi\u010dnog vatrogasca, koji unato\u010d neda\u0107ama koje ga svakodnevno okru\u017euju nastavlja sa svojom zada\u0107om. Njegovi likovi kroz ponekad sarkasti\u010dne komentare odgovaraju na dnevno-politi\u010dke situacije koje utje\u010du na vatrogasce.<\/p>\n<p>Za svoje karikature Damir Novak je dobio niz doma\u0107ih i stranih priznanja. Dugogodi\u0161nji je suradnik &bdquo;Vatrogasnog vjesnika&rdquo;, a kroz njegove vatrogasne bojanke su prvi susret s vatrogastvom imale generacije mladih vatrogasaca. Izlo\u017eba ostaje otvorena do 2. rujna.<\/p>\n","protected":false},"excerpt":{"rendered":"<p>Muzej grada Ka\u0161tela i Muzej hrvatskog vatrogastva u sklopu manifestacije &ldquo;Ka\u0161telansko kulturno ljeto&rdquo; organiziraju izlo\u017ebu &ldquo;Karikaturom protiv po\u017eara&rdquo;, poznatog karikaturista [&hellip;]<\/p>\n","protected":false},"author":7,"featured_media":5991,"comment_status":"closed","ping_status":"open","sticky":false,"template":"","format":"standard","meta":{"_acf_changed":false,"footnotes":""},"categories":[1],"tags":[],"class_list":["post-5990","post","type-post","status-publish","format-standard","has-post-thumbnail","hentry","category-novosti"],"acf":[],"_links":{"self":[{"href":"https:\/\/kastela.hr\/en\/wp-json\/wp\/v2\/posts\/5990","targetHints":{"allow":["GET"]}}],"collection":[{"href":"https:\/\/kastela.hr\/en\/wp-json\/wp\/v2\/posts"}],"about":[{"href":"https:\/\/kastela.hr\/en\/wp-json\/wp\/v2\/types\/post"}],"author":[{"embeddable":true,"href":"https:\/\/kastela.hr\/en\/wp-json\/wp\/v2\/users\/7"}],"replies":[{"embeddable":true,"href":"https:\/\/kastela.hr\/en\/wp-json\/wp\/v2\/comments?post=5990"}],"version-history":[{"count":1,"href":"https:\/\/kastela.hr\/en\/wp-json\/wp\/v2\/posts\/5990\/revisions"}],"predecessor-version":[{"id":7216,"href":"https:\/\/kastela.hr\/en\/wp-json\/wp\/v2\/posts\/5990\/revisions\/7216"}],"wp:featuredmedia":[{"embeddable":true,"href":"https:\/\/kastela.hr\/en\/wp-json\/wp\/v2\/media\/5991"}],"wp:attachment":[{"href":"https:\/\/kastela.hr\/en\/wp-json\/wp\/v2\/media?parent=5990"}],"wp:term":[{"taxonomy":"category","embeddable":true,"href":"https:\/\/kastela.hr\/en\/wp-json\/wp\/v2\/categories?post=5990"},{"taxonomy":"post_tag","embeddable":true,"href":"https:\/\/kastela.hr\/en\/wp-json\/wp\/v2\/tags?post=5990"}],"curies":[{"name":"wp","href":"https:\/\/api.w.org\/{rel}","templated":true}]}}