{"id":5987,"date":"2019-08-02T04:00:00","date_gmt":"2019-08-02T02:00:00","guid":{"rendered":"https:\/\/kastela.hr\/en\/2019\/08\/02\/za-vikend-koncert-ibrice-jusica-opce-opasnosti-i-folklorni-koncert-kud-a-putalj\/"},"modified":"2024-08-29T10:48:22","modified_gmt":"2024-08-29T08:48:22","slug":"za-vikend-koncert-ibrice-jusica-opce-opasnosti-i-folklorni-koncert-kud-a-putalj","status":"publish","type":"post","link":"https:\/\/kastela.hr\/en\/2019\/08\/02\/za-vikend-koncert-ibrice-jusica-opce-opasnosti-i-folklorni-koncert-kud-a-putalj\/","title":{"rendered":"Za vikend koncert Ibrice Jusi\u0107a, Op\u0107e opasnosti i folklorni koncert KUD-a Putalj"},"content":{"rendered":"<p>Program ka\u0161telanskog kulturnog ljeta nastavlja se i ovoga vikenda. U subotu, 3. kolovoza s po\u010detkom u 21 sat na brcu u Ka\u0161tel Starom odr\u017eat \u0107e se koncert Ibrice Jusi\u0107a koji \u0107e i ove godine zabavljati ka\u0161telansku publiku svojim bezvremenskim hitovima.&nbsp;Najpoznatiji dubrova\u010dki kantautor izvest \u0107e neke od svojih najve\u0107ih uspje\u0161nica poput &nbsp;&ldquo;U svakom slu\u010daju te volim&rdquo;, &ldquo;Jubi san va\u0161u &lsquo;\u0107er&rdquo;, &ldquo;Celuloidni pajac&rdquo;, &ldquo;Emina&rdquo; i &ldquo;Ku\u0107a pored mora&rdquo;.<\/p>\n<p>Istoga dana, tako\u0111er s po\u010detkom u 21 sat u Podvorju u Ka\u0161tel Su\u0107urcu zapo\u010dinje ljetni folklorni koncert KUD-a Putalj i gostiju pod nazivom &bdquo;Mise\u010dina prosula se kalon&ldquo;.<\/p>\n<p>U nedjelju, 4. kolovoza s po\u010detkom u 22 sata na portu u Ka\u0161tel Starom odr\u017eat \u0107e se proslava Dana pobjede i domovinske zahvalnosti i Dana hrvatskih branitelja koncertom Op\u0107e opasnosti u organizaciji Grada Ka\u0161tela i HVIDRA-e Ka\u0161tela.<\/p>\n<p>&nbsp;<\/p>\n","protected":false},"excerpt":{"rendered":"<p>Program ka\u0161telanskog kulturnog ljeta nastavlja se i ovoga vikenda. U subotu, 3. kolovoza s po\u010detkom u 21 sat na brcu [&hellip;]<\/p>\n","protected":false},"author":7,"featured_media":5988,"comment_status":"closed","ping_status":"open","sticky":false,"template":"","format":"standard","meta":{"_acf_changed":false,"footnotes":""},"categories":[1],"tags":[],"class_list":["post-5987","post","type-post","status-publish","format-standard","has-post-thumbnail","hentry","category-novosti"],"acf":[],"_links":{"self":[{"href":"https:\/\/kastela.hr\/en\/wp-json\/wp\/v2\/posts\/5987","targetHints":{"allow":["GET"]}}],"collection":[{"href":"https:\/\/kastela.hr\/en\/wp-json\/wp\/v2\/posts"}],"about":[{"href":"https:\/\/kastela.hr\/en\/wp-json\/wp\/v2\/types\/post"}],"author":[{"embeddable":true,"href":"https:\/\/kastela.hr\/en\/wp-json\/wp\/v2\/users\/7"}],"replies":[{"embeddable":true,"href":"https:\/\/kastela.hr\/en\/wp-json\/wp\/v2\/comments?post=5987"}],"version-history":[{"count":1,"href":"https:\/\/kastela.hr\/en\/wp-json\/wp\/v2\/posts\/5987\/revisions"}],"predecessor-version":[{"id":7215,"href":"https:\/\/kastela.hr\/en\/wp-json\/wp\/v2\/posts\/5987\/revisions\/7215"}],"wp:featuredmedia":[{"embeddable":true,"href":"https:\/\/kastela.hr\/en\/wp-json\/wp\/v2\/media\/5988"}],"wp:attachment":[{"href":"https:\/\/kastela.hr\/en\/wp-json\/wp\/v2\/media?parent=5987"}],"wp:term":[{"taxonomy":"category","embeddable":true,"href":"https:\/\/kastela.hr\/en\/wp-json\/wp\/v2\/categories?post=5987"},{"taxonomy":"post_tag","embeddable":true,"href":"https:\/\/kastela.hr\/en\/wp-json\/wp\/v2\/tags?post=5987"}],"curies":[{"name":"wp","href":"https:\/\/api.w.org\/{rel}","templated":true}]}}